{"id":480,"date":"2016-03-01T16:00:06","date_gmt":"2016-03-01T15:00:06","guid":{"rendered":"http:\/\/ostrowska.tv\/?p=480"},"modified":"2016-03-01T16:00:06","modified_gmt":"2016-03-01T15:00:06","slug":"podpisali-umowe-bedzie-baza-pogotowia-lotniczego","status":"publish","type":"post","link":"https:\/\/ostrowskatv.pl\/?p=480","title":{"rendered":"Podpisali umow\u0119. B\u0119dzie baza pogotowia lotniczego!"},"content":{"rendered":"<p><strong>Marsza\u0142ek Wojew\u00f3dztwa Wielkopolskiego Marek Wo\u017aniak i Dyrektor Lotniczego Pogotowia Ratunkowego Robert Ga\u0142\u0105zkowski podpisali umow\u0119 w sprawie powstania sta\u0142ej bazy LPR w Micha\u0142kowie.<\/strong><\/p>\n<p>Na lotnisku w Micha\u0142kowie na sta\u0142e ma stacjonowa\u0107 jeden ze \u015bmig\u0142owc\u00f3w najnowszej generacji lotniczego pogotowia ratunkowego. Jego warto\u015b\u0107 jest szacowana na 28 milion\u00f3w z\u0142otych. To efekt rz\u0105dowej decyzji, kt\u00f3ra by\u0142a jednak mo\u017cliwa po spe\u0142nieniu konkretnego warunku. Samorz\u0105d wojew\u00f3dztwa musia\u0142 sfinansowa\u0107 budow\u0119 bazy. Wyzwanie zosta\u0142o podj\u0119te we wsp\u00f3\u0142pracy z samorz\u0105dami lokalnymi. Baza b\u0119dzie mie\u0107 zapewnione finansowanie na poziomie 3 milion\u00f3w z\u0142otych rocznie.<\/p>\n<p>&#8211; <em>O wsp\u00f3\u0142prac\u0119 poprosili\u015bmy 109 lokalnych samorz\u0105d\u00f3w. Ustawowo nikt do takiego wydatku nie by\u0142 zobowi\u0105zany, bo m\u00f3wimy o wsp\u00f3\u0142pracy z administracj\u0105 rz\u0105dow\u0105. Um\u00f3wili\u015bmy si\u0119 jednak, \u017ce zrobimy to wsp\u00f3lnie. 20 samorz\u0105d\u00f3w oci\u0105ga si\u0119 jeszcze z twardymi deklaracjami, pi\u0119\u0107 odm\u00f3wi\u0142o, t\u0142umacz\u0105c \u017ce ich bud\u017cety s\u0105 zbyt s\u0142abe. Doskonale to rozumiemy. Cieszymy si\u0119 jednak, \u017ce zaj\u0119\u0142y stanowisko. Uzbierali\u015bmy od wszystkich, kwot\u0119, kt\u00f3ra przekracza 2 300 000 z\u0142. Wierzymy jednak, \u017ce uda j\u0105 si\u0119 jeszcze powi\u0119kszy\u0107<\/em> \u2013 wyja\u015bnia Marek Wo\u017aniak Marsza\u0142ek Wojew\u00f3dztwa Wielkopolskiego.<\/p>\n<p>Koszt ca\u0142ej inwestycji szacowany jest na 6 milion\u00f3w z\u0142otych. Ca\u0142a suma zosta\u0142a zabezpieczona w bud\u017cecie i Wieloletniej Prognozie Finansowej. Sejmik podj\u0105\u0142 w tej sprawie ju\u017c stosown\u0105 uchwa\u0142\u0119, po to, \u017ceby mo\u017cna by\u0142o podpisa\u0107 umow\u0119. &#8211; Og\u0142oszenie przetargu przez Lotnicze Pogotowie Ratunkowe nie by\u0142oby mo\u017cliwe bez pe\u0142nego zabezpieczenia finansowego. To, co wp\u0142ac\u0105 nam samorz\u0105dy, umniejszy p\u00f3\u017aniej nasze nak\u0142ady \u2013 t\u0142umaczy Marsza\u0142ek Wojew\u00f3dztwa Wielkopolskiego.<\/p>\n<p>Po podpisaniu umowy z Samorz\u0105dem Wojew\u00f3dztwa Wielkopolskiego og\u0142oszony mo\u017ce zosta\u0107 ju\u017c przetarg. &#8211; <em>Konieczne jest tak\u017ce zatwierdzenie przez Urz\u0105d Lotnictwa Cywilnego zmian na terenie lotniska w Micha\u0142kowie, kt\u00f3re s\u0105 w tej chwili procedowane. Kiedy to b\u0119dziemy mie\u0107 za sob\u0105, og\u0142osimy przetarg na utworzenie kompleksu kontenerowego, w kt\u00f3rym na prze\u0142omie lipca i sierpnia uruchomimy dzia\u0142anie tymczasowej bazy \u015bmig\u0142owcowej s\u0142u\u017cby ratownictwa medycznego. B\u0119dziemy jednocze\u015bnie prowadzi\u0107 dzia\u0142ania, kt\u00f3re zaowocuj\u0105 tym, \u017ce na prze\u0142omie 2017 i 2018 roku powstanie docelowa baza<\/em> \u2013 zapowiada Robert Ga\u0142\u0105zkowski, Dyrektor Lotniczego Pogotowia Ratunkowego.<\/p>\n<p>Pacjenci, kt\u00f3rzy wejd\u0105 pod opiek\u0119 pogotowia, b\u0119d\u0105 transportowani przez zesp\u00f3\u0142 \u015bmig\u0142owca do dw\u00f3ch kluczowych szpitali \u2013 w Ostrowie Wielkopolskim i Kaliszu. Je\u015bli zajdzie taka potrzeba, trafi\u0105 do o\u015brodk\u00f3w akademickich i klinicznych w Poznaniu. &#8211; <em>B\u0119dziemy si\u0119 stara\u0107, \u017ceby \u015bmig\u0142owiec by\u0142 dysponowany tak samo jak karetka i dociera\u0142 na miejsce zdarzenia, a nast\u0119pnie transportowa\u0142 pacjenta do w\u0142a\u015bciwego o\u015brodka. Walczymy z modelem, kt\u00f3ry zak\u0142ada, \u017ce to karetka zabiera poszkodowanego z miejsca wypadku, przewozi go do szpitala, a dopiero p\u00f3\u017aniej organizuje si\u0119 transport docelowy. W ten spos\u00f3b traci si\u0119 cenny czas<\/em> &#8211; t\u0142umaczy Dyrektor Lotniczego Pogotowia Ratunkowego.<\/p>\n<p>Wa\u017cna w ca\u0142ym przedsi\u0119wzi\u0119ciu b\u0119dzie rola dyspozytor\u00f3w, kt\u00f3rzy na etapie zg\u0142aszania zdarze\u0144, b\u0119d\u0105 musieli podejmowa\u0107 decyzj\u0119, kogo i gdzie nale\u017cy transportowa\u0107. W tym celu zostan\u0105 uruchomione dla nich specjalne szkolenia.<\/p>\n<p>W bazie ma zosta\u0107 zatrudnionych \u0142\u0105cznie od 12 do 13 os\u00f3b. Dy\u017cury b\u0119d\u0105 obowi\u0105zywa\u0107 od godziny 7:00 do 45 minut przed zachodem s\u0142o\u0144ca. W okresie letnim od godziny 7:00 do 20:00. Od ministra zdrowia b\u0119dzie zale\u017ce\u0107, czy ten czas zostanie p\u00f3\u017aniej wyd\u0142u\u017cony. Na takie wnioski przyjdzie jednak dopiero czas. Dodajmy r\u00f3wnie\u017c, \u017ce w Polsce ma funkcjonowa\u0107 sze\u015b\u0107 baz ca\u0142odobowych \u2013 w Szczecinie, Gda\u0144sku, Bia\u0142ymstoku, Warszawie, Krakowie i we Wroc\u0142awiu<\/p>\n","protected":false},"excerpt":{"rendered":"Marsza\u0142ek Wojew\u00f3dztwa Wielkopolskiego Marek Wo\u017aniak i Dyrektor Lotniczego Pogotowia Ratunkowego Robert Ga\u0142\u0105zkowski podpisali umow\u0119 w sprawie powstania sta\u0142ej bazy LPR w Micha\u0142kowie. Na \n<a class=\"moretag\" href=\"https:\/\/ostrowskatv.pl\/?p=480\"> [...]<\/a>","protected":false},"author":1,"featured_media":481,"comment_status":"open","ping_status":"open","sticky":false,"template":"","format":"standard","meta":{"footnotes":""},"categories":[1],"tags":[56],"class_list":["post-480","post","type-post","status-publish","format-standard","has-post-thumbnail","hentry","category-news","tag-zdrowie"],"_links":{"self":[{"href":"https:\/\/ostrowskatv.pl\/index.php?rest_route=\/wp\/v2\/posts\/480","targetHints":{"allow":["GET"]}}],"collection":[{"href":"https:\/\/ostrowskatv.pl\/index.php?rest_route=\/wp\/v2\/posts"}],"about":[{"href":"https:\/\/ostrowskatv.pl\/index.php?rest_route=\/wp\/v2\/types\/post"}],"author":[{"embeddable":true,"href":"https:\/\/ostrowskatv.pl\/index.php?rest_route=\/wp\/v2\/users\/1"}],"replies":[{"embeddable":true,"href":"https:\/\/ostrowskatv.pl\/index.php?rest_route=%2Fwp%2Fv2%2Fcomments&post=480"}],"version-history":[{"count":0,"href":"https:\/\/ostrowskatv.pl\/index.php?rest_route=\/wp\/v2\/posts\/480\/revisions"}],"wp:featuredmedia":[{"embeddable":true,"href":"https:\/\/ostrowskatv.pl\/index.php?rest_route=\/wp\/v2\/media\/481"}],"wp:attachment":[{"href":"https:\/\/ostrowskatv.pl\/index.php?rest_route=%2Fwp%2Fv2%2Fmedia&parent=480"}],"wp:term":[{"taxonomy":"category","embeddable":true,"href":"https:\/\/ostrowskatv.pl\/index.php?rest_route=%2Fwp%2Fv2%2Fcategories&post=480"},{"taxonomy":"post_tag","embeddable":true,"href":"https:\/\/ostrowskatv.pl\/index.php?rest_route=%2Fwp%2Fv2%2Ftags&post=480"}],"curies":[{"name":"wp","href":"https:\/\/api.w.org\/{rel}","templated":true}]}}