{"id":475,"date":"2016-03-01T15:51:26","date_gmt":"2016-03-01T14:51:26","guid":{"rendered":"http:\/\/ostrowska.tv\/?p=475"},"modified":"2016-03-01T17:35:29","modified_gmt":"2016-03-01T16:35:29","slug":"i-dama-rp-w-ostrowie","status":"publish","type":"post","link":"https:\/\/ostrowskatv.pl\/?p=475","title":{"rendered":"I dama RP w Ostrowie (wideo)"},"content":{"rendered":"<p><strong>Wizyta Agaty Kornhauser-Dudy, \u017cony prezydenta RP rozpocz\u0119\u0142a si\u0119 od zwiedzenia ostrowskiego Ratusza, a zw\u0142aszcza cz\u0119\u015bci muzealnej. Nast\u0119pnie w poniedzia\u0142kowy wiecz\u00f3r zawita\u0142a w Forum Synagoga, gdzie zapozna\u0142a si\u0119 z filmem przedstawiaj\u0105cym histori\u0119 tego miejsca. Noc sp\u0119dzi\u0142a w Hotelu Komeda, gdzie \u015bniadanie ze s\u0142odkimi elementami zjad\u0142a w hotelowym pokoju. We wtorek o godz. 11:00 przyjecha\u0142a do przedszkola nr 7 przy ul. Piastowskiej gdzie czyta\u0142a dzieciom &#8222;Szewczyka Dratewk\u0119&#8221; w ramach akcji &#8222;Ca\u0142a Polska czyta dzieciom&#8221;. St\u0105d uda\u0142a si\u0119 do Zesp\u00f3\u0142 Szk\u00f3\u0142 Salezjanek gdzie poprowadzi\u0142a lekcj\u0119 niemieckiego dla uczni\u00f3w licealnych. Po wszystkim skonsumowa\u0142a obiad w Restauracji Hotelu Polonia, gdzie ka\u017cdy z go\u015bci otrzyma\u0142 &#8222;danie talerzowe&#8221; sk\u0142adaj\u0105ce si\u0119 z Carpaccio na przystawk\u0119 oraz dania drobiowego (kaczka lub g\u0119\u015b).<\/strong><\/p>\n<div style=\"width: 640px;\" class=\"wp-video\"><video class=\"wp-video-shortcode\" id=\"video-475-1\" width=\"640\" height=\"480\" preload=\"metadata\" controls=\"controls\"><source type=\"video\/mp4\" src=\"http:\/\/ostrowska.tv\/wp-content\/uploads\/2016\/03\/duda-wizyta.mp4?_=1\" \/><a href=\"http:\/\/ostrowska.tv\/wp-content\/uploads\/2016\/03\/duda-wizyta.mp4\">http:\/\/ostrowska.tv\/wp-content\/uploads\/2016\/03\/duda-wizyta.mp4<\/a><\/video><\/div>\n<p>&nbsp;<\/p>\n","protected":false},"excerpt":{"rendered":"Wizyta Agaty Kornhauser-Dudy, \u017cony prezydenta RP rozpocz\u0119\u0142a si\u0119 od zwiedzenia ostrowskiego Ratusza, a zw\u0142aszcza cz\u0119\u015bci muzealnej. Nast\u0119pnie w poniedzia\u0142kowy wiecz\u00f3r zawita\u0142a w Forum \n<a class=\"moretag\" href=\"https:\/\/ostrowskatv.pl\/?p=475\"> [...]<\/a>","protected":false},"author":1,"featured_media":476,"comment_status":"open","ping_status":"open","sticky":false,"template":"","format":"standard","meta":{"footnotes":""},"categories":[1],"tags":[2],"class_list":["post-475","post","type-post","status-publish","format-standard","has-post-thumbnail","hentry","category-news","tag-ostrow-wielkopolski"],"_links":{"self":[{"href":"https:\/\/ostrowskatv.pl\/index.php?rest_route=\/wp\/v2\/posts\/475","targetHints":{"allow":["GET"]}}],"collection":[{"href":"https:\/\/ostrowskatv.pl\/index.php?rest_route=\/wp\/v2\/posts"}],"about":[{"href":"https:\/\/ostrowskatv.pl\/index.php?rest_route=\/wp\/v2\/types\/post"}],"author":[{"embeddable":true,"href":"https:\/\/ostrowskatv.pl\/index.php?rest_route=\/wp\/v2\/users\/1"}],"replies":[{"embeddable":true,"href":"https:\/\/ostrowskatv.pl\/index.php?rest_route=%2Fwp%2Fv2%2Fcomments&post=475"}],"version-history":[{"count":0,"href":"https:\/\/ostrowskatv.pl\/index.php?rest_route=\/wp\/v2\/posts\/475\/revisions"}],"wp:featuredmedia":[{"embeddable":true,"href":"https:\/\/ostrowskatv.pl\/index.php?rest_route=\/wp\/v2\/media\/476"}],"wp:attachment":[{"href":"https:\/\/ostrowskatv.pl\/index.php?rest_route=%2Fwp%2Fv2%2Fmedia&parent=475"}],"wp:term":[{"taxonomy":"category","embeddable":true,"href":"https:\/\/ostrowskatv.pl\/index.php?rest_route=%2Fwp%2Fv2%2Fcategories&post=475"},{"taxonomy":"post_tag","embeddable":true,"href":"https:\/\/ostrowskatv.pl\/index.php?rest_route=%2Fwp%2Fv2%2Ftags&post=475"}],"curies":[{"name":"wp","href":"https:\/\/api.w.org\/{rel}","templated":true}]}}