{"id":4736,"date":"2017-08-24T19:04:29","date_gmt":"2017-08-24T18:04:29","guid":{"rendered":"http:\/\/ostrowska.tv\/?p=4736"},"modified":"2017-08-24T19:04:29","modified_gmt":"2017-08-24T18:04:29","slug":"zderzenie-na-obwodnicy-sprawca-uciekl","status":"publish","type":"post","link":"https:\/\/ostrowskatv.pl\/?p=4736","title":{"rendered":"Zderzenie na obwodnicy. Sprawca uciek\u0142"},"content":{"rendered":"<p><strong>Na obwodnicy Ostrowa Wlkp. dosz\u0142o do zderzenia samochodu osobowego z ci\u0119\u017car\u00f3wk\u0105. Kolizja mia\u0142a miejsce na wysoko\u015bci wiaduktu w Karskach. Sprawca zbieg\u0142.\u00a0<\/strong><\/p>\n<p>Renault Modus zjecha\u0142 na lewy pas, gdzie zderzy\u0142 si\u0119 z samochodem ci\u0119\u017carowym. Osob\u00f3wka wpad\u0142a w po\u015blizg i uderzy\u0142a w barier\u0119 energoch\u0142onn\u0105.<\/p>\n<p>M\u0119\u017cczyzna, kt\u00f3ry nim jecha\u0142, \u00a0zacz\u0105\u0142 ucieka\u0107 pieszo. Przeskoczy\u0142 przez ogrodzenie od obwodnicy i bieg\u0142 przez pole w stron\u0119 Micha\u0142kowa.<\/p>\n<p>Zauwa\u017cyli go \u015bwiadkowie, kt\u00f3rzy przekazali informacje policjantom. Okaza\u0142o si\u0119, \u017ce sprawca wszed\u0142 na dach pobliskiego budynku. Na widok policjant\u00f3w zszed\u0142 na ziemi\u0119. 32-latek zostanie zbadany na zawarto\u015b\u0107 alkoholu.<\/p>\n<div id='gallery-1' class='gallery galleryid-4736 gallery-columns-3 gallery-size-thumbnail'><figure class='gallery-item'>\n\t\t\t<div class='gallery-icon landscape'>\n\t\t\t\t<a href='https:\/\/ostrowskatv.pl\/?attachment_id=4734'><img loading=\"lazy\" decoding=\"async\" width=\"150\" height=\"150\" src=\"https:\/\/ostrowskatv.pl\/wp-content\/uploads\/2017\/08\/PicsArt_08-24-07.22.52-150x150.jpg\" class=\"attachment-thumbnail size-thumbnail\" alt=\"\" \/><\/a>\n\t\t\t<\/div><\/figure><figure class='gallery-item'>\n\t\t\t<div class='gallery-icon landscape'>\n\t\t\t\t<a href='https:\/\/ostrowskatv.pl\/?attachment_id=4735'><img loading=\"lazy\" decoding=\"async\" width=\"150\" height=\"150\" src=\"https:\/\/ostrowskatv.pl\/wp-content\/uploads\/2017\/08\/PicsArt_08-24-07.25.42-150x150.jpg\" class=\"attachment-thumbnail size-thumbnail\" alt=\"\" \/><\/a>\n\t\t\t<\/div><\/figure><figure class='gallery-item'>\n\t\t\t<div class='gallery-icon landscape'>\n\t\t\t\t<a href='https:\/\/ostrowskatv.pl\/?attachment_id=4733'><img loading=\"lazy\" decoding=\"async\" width=\"150\" height=\"150\" src=\"https:\/\/ostrowskatv.pl\/wp-content\/uploads\/2017\/08\/PicsArt_08-24-07.26.26-150x150.jpg\" class=\"attachment-thumbnail size-thumbnail\" alt=\"\" \/><\/a>\n\t\t\t<\/div><\/figure><figure class='gallery-item'>\n\t\t\t<div class='gallery-icon landscape'>\n\t\t\t\t<a href='https:\/\/ostrowskatv.pl\/?attachment_id=4732'><img loading=\"lazy\" decoding=\"async\" width=\"150\" height=\"150\" src=\"https:\/\/ostrowskatv.pl\/wp-content\/uploads\/2017\/08\/PicsArt_08-24-07.23.30-150x150.jpg\" class=\"attachment-thumbnail size-thumbnail\" alt=\"\" \/><\/a>\n\t\t\t<\/div><\/figure><figure class='gallery-item'>\n\t\t\t<div class='gallery-icon landscape'>\n\t\t\t\t<a href='https:\/\/ostrowskatv.pl\/?attachment_id=4731'><img loading=\"lazy\" decoding=\"async\" width=\"150\" height=\"150\" src=\"https:\/\/ostrowskatv.pl\/wp-content\/uploads\/2017\/08\/PicsArt_08-24-07.25.06-150x150.jpg\" class=\"attachment-thumbnail size-thumbnail\" alt=\"\" \/><\/a>\n\t\t\t<\/div><\/figure><figure class='gallery-item'>\n\t\t\t<div class='gallery-icon landscape'>\n\t\t\t\t<a href='https:\/\/ostrowskatv.pl\/?attachment_id=4730'><img loading=\"lazy\" decoding=\"async\" width=\"150\" height=\"150\" src=\"https:\/\/ostrowskatv.pl\/wp-content\/uploads\/2017\/08\/PicsArt_08-24-07.28.49-150x150.jpg\" class=\"attachment-thumbnail size-thumbnail\" alt=\"\" \/><\/a>\n\t\t\t<\/div><\/figure><figure class='gallery-item'>\n\t\t\t<div class='gallery-icon landscape'>\n\t\t\t\t<a href='https:\/\/ostrowskatv.pl\/?attachment_id=4729'><img loading=\"lazy\" decoding=\"async\" width=\"150\" height=\"150\" src=\"https:\/\/ostrowskatv.pl\/wp-content\/uploads\/2017\/08\/PicsArt_08-24-07.24.06-150x150.jpg\" class=\"attachment-thumbnail size-thumbnail\" alt=\"\" \/><\/a>\n\t\t\t<\/div><\/figure>\n\t\t<\/div>\n\n","protected":false},"excerpt":{"rendered":"Na obwodnicy Ostrowa Wlkp. dosz\u0142o do zderzenia samochodu osobowego z ci\u0119\u017car\u00f3wk\u0105. Kolizja mia\u0142a miejsce na wysoko\u015bci wiaduktu w Karskach. Sprawca zbieg\u0142.\u00a0 Renault Modus \n<a class=\"moretag\" href=\"https:\/\/ostrowskatv.pl\/?p=4736\"> [...]<\/a>","protected":false},"author":1,"featured_media":4729,"comment_status":"open","ping_status":"open","sticky":false,"template":"","format":"standard","meta":{"footnotes":""},"categories":[1],"tags":[139],"class_list":["post-4736","post","type-post","status-publish","format-standard","has-post-thumbnail","hentry","category-news","tag-obwodnica-ostrowa"],"_links":{"self":[{"href":"https:\/\/ostrowskatv.pl\/index.php?rest_route=\/wp\/v2\/posts\/4736","targetHints":{"allow":["GET"]}}],"collection":[{"href":"https:\/\/ostrowskatv.pl\/index.php?rest_route=\/wp\/v2\/posts"}],"about":[{"href":"https:\/\/ostrowskatv.pl\/index.php?rest_route=\/wp\/v2\/types\/post"}],"author":[{"embeddable":true,"href":"https:\/\/ostrowskatv.pl\/index.php?rest_route=\/wp\/v2\/users\/1"}],"replies":[{"embeddable":true,"href":"https:\/\/ostrowskatv.pl\/index.php?rest_route=%2Fwp%2Fv2%2Fcomments&post=4736"}],"version-history":[{"count":0,"href":"https:\/\/ostrowskatv.pl\/index.php?rest_route=\/wp\/v2\/posts\/4736\/revisions"}],"wp:featuredmedia":[{"embeddable":true,"href":"https:\/\/ostrowskatv.pl\/index.php?rest_route=\/wp\/v2\/media\/4729"}],"wp:attachment":[{"href":"https:\/\/ostrowskatv.pl\/index.php?rest_route=%2Fwp%2Fv2%2Fmedia&parent=4736"}],"wp:term":[{"taxonomy":"category","embeddable":true,"href":"https:\/\/ostrowskatv.pl\/index.php?rest_route=%2Fwp%2Fv2%2Fcategories&post=4736"},{"taxonomy":"post_tag","embeddable":true,"href":"https:\/\/ostrowskatv.pl\/index.php?rest_route=%2Fwp%2Fv2%2Ftags&post=4736"}],"curies":[{"name":"wp","href":"https:\/\/api.w.org\/{rel}","templated":true}]}}