{"id":4721,"date":"2017-08-22T15:05:22","date_gmt":"2017-08-22T14:05:22","guid":{"rendered":"http:\/\/ostrowska.tv\/?p=4721"},"modified":"2017-08-22T15:05:22","modified_gmt":"2017-08-22T14:05:22","slug":"mechanik-zginal-przygnieciony-przez-sciane","status":"publish","type":"post","link":"https:\/\/ostrowskatv.pl\/?p=4721","title":{"rendered":"Mechanik zgin\u0105\u0142 przygnieciony przez \u015bcian\u0119"},"content":{"rendered":"<p><strong>We wtorek o godzinie 14:30 dosz\u0142o do wielkiej tragedii na terenie warsztatu samochodowego. Podczas prac remontowych zawali\u0142 si\u0119 fragment \u015bciany, kt\u00f3ry run\u0105\u0142 na cia\u0142o 34-letniego m\u0119\u017cczyzny. Do R\u0105bczyna wys\u0142ano karetk\u0119 pogotowia oraz 4 zast\u0119py stra\u017cy po\u017carnej. <\/strong><\/p>\n<p>W budynku stoj\u0105cym w bliskim s\u0105siedztwie do warsztatu naprawczego wymieniane by\u0142y okna. W pewnym momencie run\u0105\u0142 kawa\u0142 \u015bciany znajduj\u0105cy si\u0119 wok\u00f3\u0142 okna. Pech sprawi\u0142, \u017ce sta\u0142 przy nim w\u0142a\u015bciciel warsztatu samochodowego. 34-latek by\u0142 reanimowany przez za\u0142og\u0119 karetki pogotowia, ale doznane obra\u017cenia nie da\u0142y \u017cadnych szans na uratowanie.<\/p>\n<p>Na miejsce wys\u0142ani zostali pracownicy Nadzoru Budowlanego oraz prokurator.<\/p>\n<div id='gallery-1' class='gallery galleryid-4721 gallery-columns-3 gallery-size-thumbnail'><figure class='gallery-item'>\n\t\t\t<div class='gallery-icon landscape'>\n\t\t\t\t<a href='https:\/\/ostrowskatv.pl\/?attachment_id=4725'><img loading=\"lazy\" decoding=\"async\" width=\"150\" height=\"150\" src=\"https:\/\/ostrowskatv.pl\/wp-content\/uploads\/2017\/08\/20170822_144400-150x150.jpg\" class=\"attachment-thumbnail size-thumbnail\" alt=\"\" \/><\/a>\n\t\t\t<\/div><\/figure><figure class='gallery-item'>\n\t\t\t<div class='gallery-icon landscape'>\n\t\t\t\t<a href='https:\/\/ostrowskatv.pl\/?attachment_id=4723'><img loading=\"lazy\" decoding=\"async\" width=\"150\" height=\"150\" src=\"https:\/\/ostrowskatv.pl\/wp-content\/uploads\/2017\/08\/20170822_145349-150x150.jpg\" class=\"attachment-thumbnail size-thumbnail\" alt=\"\" \/><\/a>\n\t\t\t<\/div><\/figure><figure class='gallery-item'>\n\t\t\t<div class='gallery-icon landscape'>\n\t\t\t\t<a href='https:\/\/ostrowskatv.pl\/?attachment_id=4726'><img loading=\"lazy\" decoding=\"async\" width=\"150\" height=\"150\" src=\"https:\/\/ostrowskatv.pl\/wp-content\/uploads\/2017\/08\/20170822_145349b-150x150.jpg\" class=\"attachment-thumbnail size-thumbnail\" alt=\"\" \/><\/a>\n\t\t\t<\/div><\/figure><figure class='gallery-item'>\n\t\t\t<div class='gallery-icon landscape'>\n\t\t\t\t<a href='https:\/\/ostrowskatv.pl\/?attachment_id=4724'><img loading=\"lazy\" decoding=\"async\" width=\"150\" height=\"150\" src=\"https:\/\/ostrowskatv.pl\/wp-content\/uploads\/2017\/08\/20170822_144438-150x150.jpg\" class=\"attachment-thumbnail size-thumbnail\" alt=\"\" \/><\/a>\n\t\t\t<\/div><\/figure><figure class='gallery-item'>\n\t\t\t<div class='gallery-icon landscape'>\n\t\t\t\t<a href='https:\/\/ostrowskatv.pl\/?attachment_id=4722'><img loading=\"lazy\" decoding=\"async\" width=\"150\" height=\"150\" src=\"https:\/\/ostrowskatv.pl\/wp-content\/uploads\/2017\/08\/20170822_144949-150x150.jpg\" class=\"attachment-thumbnail size-thumbnail\" alt=\"\" \/><\/a>\n\t\t\t<\/div><\/figure>\n\t\t<\/div>\n\n","protected":false},"excerpt":{"rendered":"We wtorek o godzinie 14:30 dosz\u0142o do wielkiej tragedii na terenie warsztatu samochodowego. Podczas prac remontowych zawali\u0142 si\u0119 fragment \u015bciany, kt\u00f3ry run\u0105\u0142 na \n<a class=\"moretag\" href=\"https:\/\/ostrowskatv.pl\/?p=4721\"> [...]<\/a>","protected":false},"author":1,"featured_media":4723,"comment_status":"open","ping_status":"open","sticky":false,"template":"","format":"standard","meta":{"footnotes":""},"categories":[1],"tags":[110],"class_list":["post-4721","post","type-post","status-publish","format-standard","has-post-thumbnail","hentry","category-news","tag-rabczyn"],"_links":{"self":[{"href":"https:\/\/ostrowskatv.pl\/index.php?rest_route=\/wp\/v2\/posts\/4721","targetHints":{"allow":["GET"]}}],"collection":[{"href":"https:\/\/ostrowskatv.pl\/index.php?rest_route=\/wp\/v2\/posts"}],"about":[{"href":"https:\/\/ostrowskatv.pl\/index.php?rest_route=\/wp\/v2\/types\/post"}],"author":[{"embeddable":true,"href":"https:\/\/ostrowskatv.pl\/index.php?rest_route=\/wp\/v2\/users\/1"}],"replies":[{"embeddable":true,"href":"https:\/\/ostrowskatv.pl\/index.php?rest_route=%2Fwp%2Fv2%2Fcomments&post=4721"}],"version-history":[{"count":0,"href":"https:\/\/ostrowskatv.pl\/index.php?rest_route=\/wp\/v2\/posts\/4721\/revisions"}],"wp:featuredmedia":[{"embeddable":true,"href":"https:\/\/ostrowskatv.pl\/index.php?rest_route=\/wp\/v2\/media\/4723"}],"wp:attachment":[{"href":"https:\/\/ostrowskatv.pl\/index.php?rest_route=%2Fwp%2Fv2%2Fmedia&parent=4721"}],"wp:term":[{"taxonomy":"category","embeddable":true,"href":"https:\/\/ostrowskatv.pl\/index.php?rest_route=%2Fwp%2Fv2%2Fcategories&post=4721"},{"taxonomy":"post_tag","embeddable":true,"href":"https:\/\/ostrowskatv.pl\/index.php?rest_route=%2Fwp%2Fv2%2Ftags&post=4721"}],"curies":[{"name":"wp","href":"https:\/\/api.w.org\/{rel}","templated":true}]}}