{"id":4702,"date":"2017-08-19T14:47:10","date_gmt":"2017-08-19T13:47:10","guid":{"rendered":"http:\/\/ostrowska.tv\/?p=4702"},"modified":"2017-08-19T14:47:37","modified_gmt":"2017-08-19T13:47:37","slug":"19-latek-wjechal-w-pociag","status":"publish","type":"post","link":"https:\/\/ostrowskatv.pl\/?p=4702","title":{"rendered":"19-latek wjecha\u0142 w poci\u0105g"},"content":{"rendered":"<p><strong>W pi\u0105tek wieczorem samoch\u00f3d osobowy zderzy\u0142 si\u0119 z poci\u0105giem osobowym. Po godzinie 18:00 Opel Astra kierowany przez 19-latka wjecha\u0142 w bok poci\u0105gu osobowego. Do wypadku dosz\u0142o na niestrze\u017conym przeje\u017adzie kolejowym w miejscowo\u015bci Mariak. Szcz\u0119\u015bliwie nikt nie ucierpia\u0142.<\/strong><\/p>\n","protected":false},"excerpt":{"rendered":"W pi\u0105tek wieczorem samoch\u00f3d osobowy zderzy\u0142 si\u0119 z poci\u0105giem osobowym. Po godzinie 18:00 Opel Astra kierowany przez 19-latka wjecha\u0142 w bok poci\u0105gu osobowego. \n<a class=\"moretag\" href=\"https:\/\/ostrowskatv.pl\/?p=4702\"> [...]<\/a>","protected":false},"author":1,"featured_media":4703,"comment_status":"open","ping_status":"open","sticky":false,"template":"","format":"standard","meta":{"footnotes":""},"categories":[1],"tags":[142],"class_list":["post-4702","post","type-post","status-publish","format-standard","has-post-thumbnail","hentry","category-news","tag-mariak"],"_links":{"self":[{"href":"https:\/\/ostrowskatv.pl\/index.php?rest_route=\/wp\/v2\/posts\/4702","targetHints":{"allow":["GET"]}}],"collection":[{"href":"https:\/\/ostrowskatv.pl\/index.php?rest_route=\/wp\/v2\/posts"}],"about":[{"href":"https:\/\/ostrowskatv.pl\/index.php?rest_route=\/wp\/v2\/types\/post"}],"author":[{"embeddable":true,"href":"https:\/\/ostrowskatv.pl\/index.php?rest_route=\/wp\/v2\/users\/1"}],"replies":[{"embeddable":true,"href":"https:\/\/ostrowskatv.pl\/index.php?rest_route=%2Fwp%2Fv2%2Fcomments&post=4702"}],"version-history":[{"count":0,"href":"https:\/\/ostrowskatv.pl\/index.php?rest_route=\/wp\/v2\/posts\/4702\/revisions"}],"wp:featuredmedia":[{"embeddable":true,"href":"https:\/\/ostrowskatv.pl\/index.php?rest_route=\/wp\/v2\/media\/4703"}],"wp:attachment":[{"href":"https:\/\/ostrowskatv.pl\/index.php?rest_route=%2Fwp%2Fv2%2Fmedia&parent=4702"}],"wp:term":[{"taxonomy":"category","embeddable":true,"href":"https:\/\/ostrowskatv.pl\/index.php?rest_route=%2Fwp%2Fv2%2Fcategories&post=4702"},{"taxonomy":"post_tag","embeddable":true,"href":"https:\/\/ostrowskatv.pl\/index.php?rest_route=%2Fwp%2Fv2%2Ftags&post=4702"}],"curies":[{"name":"wp","href":"https:\/\/api.w.org\/{rel}","templated":true}]}}