{"id":464,"date":"2016-02-26T14:18:34","date_gmt":"2016-02-26T13:18:34","guid":{"rendered":"http:\/\/ostrowska.tv\/?p=464"},"modified":"2016-02-26T14:24:51","modified_gmt":"2016-02-26T13:24:51","slug":"prezydent-powolala-rade-gospodarcza","status":"publish","type":"post","link":"https:\/\/ostrowskatv.pl\/?p=464","title":{"rendered":"Prezydent powo\u0142a\u0142a Rad\u0119 Gospodarcz\u0105"},"content":{"rendered":"<p><strong>Prezydent Ostrowa Wielkopolskiego w pi\u0105tek powo\u0142a\u0142a do \u017cycia Ostrowsk\u0105 Rad\u0119 Gospodarcz\u0105, kt\u00f3r\u0105 b\u0119d\u0105 tworzy\u0107 przedsi\u0119biorcy z naszego miasta.<\/strong><\/p>\n<p>Podczas uroczysto\u015bci w ostrowskiej Synagodze wr\u0119czone zosta\u0142y akty powo\u0142ania. Beata Klimek zapowiada, \u017ce spotkania w tej grupie nie b\u0119d\u0105 mie\u0107 tylko fasadowego charakteru. Rada ma pe\u0142ni\u0107 wa\u017cn\u0105 funkcj\u0119 i zwraca\u0107 uwag\u0119 na problemy przedsi\u0119biorc\u00f3w. Ma by\u0107 tak\u017ce g\u0142osem doradczym przy wydawaniu uchwa\u0142 przez Rad\u0119 Miejsk\u0105 i zarz\u0105dze\u0144 przez prezydenta miasta.<\/p>\n<p>&#8211; <em>Formu\u0142a jest otwarta. Nie m\u00f3wimy o katalogu zamkni\u0119tym. W Radzie Gospodarczej mog\u0105 pojawia\u0107 si\u0119 kolejne firmy z naszego miasta, kt\u00f3re zg\u0142osz\u0105 akces. Przy tym pierwszym doborze kierowali\u015bmy si\u0119 tym, \u017ceby zr\u00f3\u017cnicowa\u0107 charakter przedsi\u0119biorstw. Mamy firmy najwi\u0119ksze, ale tak\u017ce \u015brednie i ma\u0142e. S\u0105 r\u00f3wnie\u017c przedstawiciele r\u00f3\u017cnych bran\u017c, otoczenia biznesu czy cech rzemios\u0142. Z czasem b\u0119dziemy zaprasza\u0107 kolejne podmioty<\/em> \u2013 wyja\u015bnia prezydent <strong>Beata Klimek<\/strong>.<\/p>\n<p>Jednym z pierwszych projekt\u00f3w, kt\u00f3rym ma zaj\u0105\u0107 si\u0119 Ostrowska Rada Gospodarcza, jest Smart City. Prezydent <strong>Beata Klimek<\/strong> zapowiedzia\u0142a powo\u0142anie w tym celu specjalnego zespo\u0142u, do kt\u00f3rego zg\u0142osili si\u0119 ju\u017c pierwsi przedsi\u0119biorcy. &#8211; Chcemy na to po\u0142o\u017cy\u0107 du\u017cy nacisk. Zapraszam do tego grona ka\u017cdego, kto chce si\u0119 zaanga\u017cowa\u0107. Zale\u017cy nam na wypracowaniu naprawd\u0119 ambitnej koncepcji \u2013 przekonuje prezydent Ostrowa.<\/p>\n<p>Cz\u0142onkowie rady maj\u0105 ju\u017c wkr\u00f3tce otrzyma\u0107 drog\u0105 elektroniczn\u0105 specjalny regulamin. Jeden z nich zwr\u00f3ci\u0142 uwag\u0119, \u017ce najbli\u017csze spotkanie powinno s\u0142u\u017cy\u0107 przede wszystkim wzajemnemu poznaniu si\u0119 uczestnik\u00f3w ca\u0142ego projektu. Inicjatywy i efekty dzia\u0142alno\u015bci rady b\u0119dziemy \u015bledzi\u0107 na bie\u017c\u0105co.<\/p>\n<div id='gallery-1' class='gallery galleryid-464 gallery-columns-3 gallery-size-thumbnail'><figure class='gallery-item'>\n\t\t\t<div class='gallery-icon landscape'>\n\t\t\t\t<a href='https:\/\/ostrowskatv.pl\/?attachment_id=465'><img loading=\"lazy\" decoding=\"async\" width=\"150\" height=\"150\" src=\"https:\/\/ostrowskatv.pl\/wp-content\/uploads\/2016\/02\/rada-biznesu-150x150.jpg\" class=\"attachment-thumbnail size-thumbnail\" alt=\"\" \/><\/a>\n\t\t\t<\/div><\/figure>\n\t\t<\/div>\n\n<p>Ewa Torzy\u0144ska, kt\u00f3ra ma by\u0107 odpowiedzialna za koordynacj\u0119 kontakt\u00f3w z przedsi\u0119biorcami, przygotowa\u0142a materia\u0142y kt\u00f3re zawiera\u0142y szereg b\u0142\u0119d\u00f3w. Lista z nazwami przedsi\u0119biorstw roi\u0142a si\u0119 od b\u0142\u0119d\u00f3w, data spotkania by\u0142a napisana niepoprawn\u0105 form\u0105 &#8222;26 luty 2016&#8221; zamiast &#8222;26 lutego 2016&#8221;.<\/p>\n<p>Na li\u015bcie zaproszonych go\u015bci, kt\u00f3rzy weszli do Ostrowskiej Rady Gospodarczej byli: Beata Klimek &#8211; Prezydent Miasta Ostr\u00f3wa (sic!) Wielkopolskiego<br \/>\nJaros\u0142aw Lisiecki &#8211; Przewodnicz\u0105cy Rady Miejskiej Ostrowa Wielkopolskiego<br \/>\nAlojzy Motylewski, Radny Miasta Ostrowa Wielkopolskiego<\/p>\n<p>oraz przedstawiciele firm: Lubawa S.A.; Sklejka-Eko; Mahle Behr Ostr\u00f3w; Kil; Spo\u0142em PSS Ostr\u00f3w Wielkopolski; Budrem; Info-Global; Slam Poland; Zap Mechanika; ANFRA; Artur; ASSO; Borowianka; Burghard; Ku\u017ania Ostr\u00f3w Wlkp.; EKK WAGON; CDN Ireneusz Cal; PBO; Property Taurus; Bomax; \u015alusarstwo Tadeusz i Daniel Stasiak; Prebet-Bud; Zak\u0142ad Produkcji Do\u015bwiadczalnej Automatyki; &#8222;PROMAX&#8221;; PSA ZAPIS-HARDWARE; Balaguer East Europe; Soft-Service; ZMK Delikates; Stowarzyszenie In\u017cynier\u00f3w i Technik\u00f3w Kolejnictwa; OCWP; Eurocentrum Innowacji i Przedsi\u0119biorczo\u015bci; Izba Przemys\u0142owo Handlowa Po\u0142udniowej Wielkopolski; Cech Rzemios\u0142 R\u00f3\u017cnych; ZAP-KOOPERACJA; PETRONOVA; Meble Wo\u017aniak;<br \/>\n&#8222;KER&#8221; Zi\u0119tek Tadeusz; MIKROMA POLSKA; Ostrowski Park Przemys\u0142owy; Centrum Rozwoju Komunalnego; OZC; MZO; MZZ; WODKAN; MZGM; MZK; Targowiska Miejskie;<\/p>\n","protected":false},"excerpt":{"rendered":"Prezydent Ostrowa Wielkopolskiego w pi\u0105tek powo\u0142a\u0142a do \u017cycia Ostrowsk\u0105 Rad\u0119 Gospodarcz\u0105, kt\u00f3r\u0105 b\u0119d\u0105 tworzy\u0107 przedsi\u0119biorcy z naszego miasta. Podczas uroczysto\u015bci w ostrowskiej Synagodze \n<a class=\"moretag\" href=\"https:\/\/ostrowskatv.pl\/?p=464\"> [...]<\/a>","protected":false},"author":1,"featured_media":465,"comment_status":"open","ping_status":"open","sticky":false,"template":"","format":"standard","meta":{"footnotes":""},"categories":[1],"tags":[2],"class_list":["post-464","post","type-post","status-publish","format-standard","has-post-thumbnail","hentry","category-news","tag-ostrow-wielkopolski"],"_links":{"self":[{"href":"https:\/\/ostrowskatv.pl\/index.php?rest_route=\/wp\/v2\/posts\/464","targetHints":{"allow":["GET"]}}],"collection":[{"href":"https:\/\/ostrowskatv.pl\/index.php?rest_route=\/wp\/v2\/posts"}],"about":[{"href":"https:\/\/ostrowskatv.pl\/index.php?rest_route=\/wp\/v2\/types\/post"}],"author":[{"embeddable":true,"href":"https:\/\/ostrowskatv.pl\/index.php?rest_route=\/wp\/v2\/users\/1"}],"replies":[{"embeddable":true,"href":"https:\/\/ostrowskatv.pl\/index.php?rest_route=%2Fwp%2Fv2%2Fcomments&post=464"}],"version-history":[{"count":0,"href":"https:\/\/ostrowskatv.pl\/index.php?rest_route=\/wp\/v2\/posts\/464\/revisions"}],"wp:featuredmedia":[{"embeddable":true,"href":"https:\/\/ostrowskatv.pl\/index.php?rest_route=\/wp\/v2\/media\/465"}],"wp:attachment":[{"href":"https:\/\/ostrowskatv.pl\/index.php?rest_route=%2Fwp%2Fv2%2Fmedia&parent=464"}],"wp:term":[{"taxonomy":"category","embeddable":true,"href":"https:\/\/ostrowskatv.pl\/index.php?rest_route=%2Fwp%2Fv2%2Fcategories&post=464"},{"taxonomy":"post_tag","embeddable":true,"href":"https:\/\/ostrowskatv.pl\/index.php?rest_route=%2Fwp%2Fv2%2Ftags&post=464"}],"curies":[{"name":"wp","href":"https:\/\/api.w.org\/{rel}","templated":true}]}}