{"id":46,"date":"2015-12-21T11:25:58","date_gmt":"2015-12-21T10:25:58","guid":{"rendered":"http:\/\/ostrowska.tv\/?p=46"},"modified":"2015-12-21T11:25:58","modified_gmt":"2015-12-21T10:25:58","slug":"pociag-podpalil-las-sprawa-w-sadzie","status":"publish","type":"post","link":"https:\/\/ostrowskatv.pl\/?p=46","title":{"rendered":"Poci\u0105g podpali\u0142 las, sprawa w s\u0105dzie"},"content":{"rendered":"<p><strong>Niecodzienn\u0105 spraw\u0105 b\u0119dzie musia\u0142 zaj\u0105\u0107 si\u0119 II Wydzia\u0142 Karny S\u0105du Rejonowego w Ostrowie Wielkopolskim. Dotyczy ona podpalenia przez poci\u0105g towarowy prywatnego i pa\u0144stwowego lasu. Jak do tego dosz\u0142o?<\/strong><\/p>\n<p>Wydarzenie mia\u0142o miejsce 11 marca 2014 roku. Poci\u0105g towarowy relacji Pi\u0142awa G\u00f3rna \u2013 Warszawa Rembert\u00f3w pomi\u0119dzy stacjami Mi\u0119dzyb\u00f3rz Sycowski \u2013 So\u015bnie Ostrowskie, w wyniku d\u0142ugotrwa\u0142ego tarcia wstawek hamulcowych, zacz\u0105\u0142 wytwarza\u0107 iskry. W rezultacie dosz\u0142o do zapalenia suchej trawy. Po\u017car ze skarpy w kr\u00f3tkim czasie przeni\u00f3s\u0142 si\u0119 na pobliskie lasy. Jeden z nich by\u0142 by\u0142 w\u0142asno\u015bci\u0105 prywatn\u0105. Podpalony zosta\u0142 tak\u017ce las pa\u0144stwowy, nale\u017c\u0105cy do Nadle\u015bnictwa Antonin.<\/p>\n<p>Skutki po\u017caru by\u0142o bardzo powa\u017cne. Sp\u0142on\u0119\u0142o 11 ha m\u0142odnika, 0,5 ha poszycia le\u015bnego lasu pa\u0144stwowego oraz 20 ha nieu\u017cytk\u00f3w o \u0142\u0105cznej warto\u015bci ok. 200.000,00 z\u0142, a bezpo\u015brednio zagro\u017cony po\u017carem by\u0142 las pa\u0144stwowy o powierzchni 10 ha oraz dom jednorodzinny o \u0142\u0105cznej warto\u015bci ok. 400.000,00 z\u0142.<\/p>\n<p>Zarzuty zosta\u0142y postawione dw\u00f3m osobom. Pierwsz\u0105 z nich jest m\u0119\u017cczyzna, kt\u00f3ry mia\u0142 nie dope\u0142ni\u0107 swoich obowi\u0105zk\u00f3w podczas sprawdzania hamulc\u00f3w. Do odpowiedzialno\u015bci mo\u017ce zosta\u0107 tak\u017ce poci\u0105gni\u0119ty maszynista, kt\u00f3ry w ocenie oskar\u017cyciela posi\u0142kowego nie dostosowa\u0142 pr\u0119dko\u015bci do warunk\u00f3w panuj\u0105cych na trasie.<\/p>\n<p>Jako pierwsza spraw\u0105 zaj\u0119\u0142a si\u0119 policja, kt\u00f3ra prowadzi\u0142a dochodzenie w sprawie nieumy\u015blnego sprowadzenia zdarzenia, kt\u00f3re zagra\u017ca \u017cyciu lub zdrowiu wielu os\u00f3b. Zosta\u0142o ono p\u00f3\u017aniej dwukrotnie umorzone ze wzgl\u0119du brak wyczerpania znamion przest\u0119pstwa. W ocenie oskar\u017cyciela posi\u0142kowego takie postanowienie by\u0142o jednak bezzasadne i teraz pokrzywdzeni szukaj\u0105 sprawiedliwo\u015bci przed s\u0105dem.<\/p>\n","protected":false},"excerpt":{"rendered":"Niecodzienn\u0105 spraw\u0105 b\u0119dzie musia\u0142 zaj\u0105\u0107 si\u0119 II Wydzia\u0142 Karny S\u0105du Rejonowego w Ostrowie Wielkopolskim. Dotyczy ona podpalenia przez poci\u0105g towarowy prywatnego i pa\u0144stwowego \n<a class=\"moretag\" href=\"https:\/\/ostrowskatv.pl\/?p=46\"> [...]<\/a>","protected":false},"author":1,"featured_media":47,"comment_status":"open","ping_status":"open","sticky":false,"template":"","format":"standard","meta":{"footnotes":""},"categories":[1],"tags":[7],"class_list":["post-46","post","type-post","status-publish","format-standard","has-post-thumbnail","hentry","category-news","tag-pozar"],"_links":{"self":[{"href":"https:\/\/ostrowskatv.pl\/index.php?rest_route=\/wp\/v2\/posts\/46","targetHints":{"allow":["GET"]}}],"collection":[{"href":"https:\/\/ostrowskatv.pl\/index.php?rest_route=\/wp\/v2\/posts"}],"about":[{"href":"https:\/\/ostrowskatv.pl\/index.php?rest_route=\/wp\/v2\/types\/post"}],"author":[{"embeddable":true,"href":"https:\/\/ostrowskatv.pl\/index.php?rest_route=\/wp\/v2\/users\/1"}],"replies":[{"embeddable":true,"href":"https:\/\/ostrowskatv.pl\/index.php?rest_route=%2Fwp%2Fv2%2Fcomments&post=46"}],"version-history":[{"count":0,"href":"https:\/\/ostrowskatv.pl\/index.php?rest_route=\/wp\/v2\/posts\/46\/revisions"}],"wp:featuredmedia":[{"embeddable":true,"href":"https:\/\/ostrowskatv.pl\/index.php?rest_route=\/wp\/v2\/media\/47"}],"wp:attachment":[{"href":"https:\/\/ostrowskatv.pl\/index.php?rest_route=%2Fwp%2Fv2%2Fmedia&parent=46"}],"wp:term":[{"taxonomy":"category","embeddable":true,"href":"https:\/\/ostrowskatv.pl\/index.php?rest_route=%2Fwp%2Fv2%2Fcategories&post=46"},{"taxonomy":"post_tag","embeddable":true,"href":"https:\/\/ostrowskatv.pl\/index.php?rest_route=%2Fwp%2Fv2%2Ftags&post=46"}],"curies":[{"name":"wp","href":"https:\/\/api.w.org\/{rel}","templated":true}]}}