{"id":455,"date":"2016-02-25T23:47:59","date_gmt":"2016-02-25T22:47:59","guid":{"rendered":"http:\/\/ostrowska.tv\/?p=455"},"modified":"2016-02-25T23:47:59","modified_gmt":"2016-02-25T22:47:59","slug":"byly-skargi-na-szpital-beda-zmiany","status":"publish","type":"post","link":"https:\/\/ostrowskatv.pl\/?p=455","title":{"rendered":"By\u0142y skargi na szpital. B\u0119d\u0105 zmiany"},"content":{"rendered":"<p><strong>Podczas ostatniej Sesji Rady Powiatu radni skar\u017cyli si\u0119 na problemy w przychodniach b\u0119d\u0105cych cz\u0119\u015bci\u0105 ostrowskiego szpitala. Uwagi dotyczy\u0142y przede wszystkim sposobu przyjmowania pacjent\u00f3w. Dyskusja by\u0142a \u017carliwa, ale wszyscy przekonuj\u0105, \u017ce uda\u0142o si\u0119 osi\u0105gn\u0105\u0107 kompromis.<\/strong><\/p>\n<p>Jej g\u0142\u00f3wnym inicjatorem by\u0142 powiatowy radny SLD Leszek Michalak, kt\u00f3ry o problemach ostrowskiego szpitala m\u00f3wi\u0142 bardzo szczeg\u00f3\u0142owo podczas czwartkowej komisji zdrowia. Obecni na sali byli tak\u017ce pozostali radni, Starosta Ostrowski Pawe\u0142 Rajski oraz w\u0142adze i przedstawiciele szpitala.<\/p>\n<p>Lista zarzut\u00f3w by\u0142a d\u0142uga. Pacjenci mieli by\u0107 zapisywani na t\u0119 sam\u0105 godzin\u0119, lekarze mieli si\u0119 sp\u00f3\u017ania\u0107 na ich wizyty, a te czasami by\u0142y odwo\u0142ywane bez \u017cadnej informacji. Jedna z pacjentek mia\u0142a czeka\u0107 na sw\u00f3j termin oko\u0142o rok, ale okaza\u0142o si\u0119, \u017ce tego dnia&#8230; lekarz nie przyjmuje. Przedstawiciele szpitala si\u0119 bronili, t\u0142umacz\u0105c \u017ce to niemo\u017cliwe, bo ka\u017cdy jest informowany o zmianach w harmonogramie wizyt.<\/p>\n<p>Lekarze wyja\u015bniali r\u00f3wnie\u017c, \u017ce pacjenci s\u0105 cz\u0119sto sami sobie winni, bo nie odbieraj\u0105 telefon\u00f3w lub nie przychodz\u0105 na ustalone godziny. Cz\u0119sto nie pojawiaj\u0105 si\u0119 w og\u00f3le bez \u017cadnej informacji, a to wprowadza spory ba\u0142agan organizacyjny.<\/p>\n<p>Wiele miejsca po\u015bwi\u0119cono tak\u017ce punktualno\u015bci personalu. &#8211; <em>Nie zgadzam si\u0119 na to, \u017ceby lekarze nie rozpoczynali swojej pracy punktualnie. Pacjenci musz\u0105 by\u0107 odpowiednio traktowani, bo nas to wszystko sporo kosztuje. To wcale nie s\u0105 wyg\u00f3rowane oczekiwania<\/em> \u2013 t\u0142umaczy\u0142 Starosta Ostrowski<strong> Pawe\u0142 Rajski<\/strong>, kt\u00f3ry wielokrotnie powtarza\u0142, \u017ce celem spotkania nie jest atak na personel szpitala, ale om\u00f3wienie problem\u00f3w i ich jak najszybsze rozwi\u0105zanie.<\/p>\n<p>W odpowiedzi Starosta us\u0142ysza\u0142, \u017ce problem punktualno\u015bci dotyczy lekarzy, kt\u00f3rzy pracuj\u0105 r\u00f3wnie\u017c na oddzia\u0142ach szpitalnych. Dyrektor szpitala zapowiedzia\u0142, \u017ce postara si\u0119 znale\u017a\u0107 rozwi\u0105zanie, kt\u00f3re pozwoli na unikni\u0119cie takich sytuacji.<\/p>\n<p>W najbli\u017cszym czasie szpital na znale\u017a\u0107 si\u0119 pod specjalnym nadzorem powiatu, ale nie dlatego, \u017ce sytuacja jest beznadziejna. Wszyscy obecni na czwartkowym spotkaniu zgodnie podkre\u015blali, \u017ce plac\u00f3wka ma si\u0119 czym pochwali\u0107, a opisane powy\u017cej sytuacje nie s\u0105 na porz\u0105dku dziennym. To tylko incydenty, ale nie mo\u017cna obok nich przej\u015b\u0107 oboj\u0119tnie. W ocenie uczestnik\u00f3w dyskusja przynios\u0142a konstruktywne wnioski. Czy rzeczywi\u015bcie? O tym przekonamy si\u0119 ju\u017c wkr\u00f3tce. Ca\u0142ej sprawie b\u0119dziemy si\u0119 uwa\u017cnie przygl\u0105da\u0107.<\/p>\n","protected":false},"excerpt":{"rendered":"Podczas ostatniej Sesji Rady Powiatu radni skar\u017cyli si\u0119 na problemy w przychodniach b\u0119d\u0105cych cz\u0119\u015bci\u0105 ostrowskiego szpitala. Uwagi dotyczy\u0142y przede wszystkim sposobu przyjmowania pacjent\u00f3w. \n<a class=\"moretag\" href=\"https:\/\/ostrowskatv.pl\/?p=455\"> [...]<\/a>","protected":false},"author":1,"featured_media":456,"comment_status":"open","ping_status":"open","sticky":false,"template":"","format":"standard","meta":{"footnotes":""},"categories":[1],"tags":[55],"class_list":["post-455","post","type-post","status-publish","format-standard","has-post-thumbnail","hentry","category-news","tag-szpital"],"_links":{"self":[{"href":"https:\/\/ostrowskatv.pl\/index.php?rest_route=\/wp\/v2\/posts\/455","targetHints":{"allow":["GET"]}}],"collection":[{"href":"https:\/\/ostrowskatv.pl\/index.php?rest_route=\/wp\/v2\/posts"}],"about":[{"href":"https:\/\/ostrowskatv.pl\/index.php?rest_route=\/wp\/v2\/types\/post"}],"author":[{"embeddable":true,"href":"https:\/\/ostrowskatv.pl\/index.php?rest_route=\/wp\/v2\/users\/1"}],"replies":[{"embeddable":true,"href":"https:\/\/ostrowskatv.pl\/index.php?rest_route=%2Fwp%2Fv2%2Fcomments&post=455"}],"version-history":[{"count":0,"href":"https:\/\/ostrowskatv.pl\/index.php?rest_route=\/wp\/v2\/posts\/455\/revisions"}],"wp:featuredmedia":[{"embeddable":true,"href":"https:\/\/ostrowskatv.pl\/index.php?rest_route=\/wp\/v2\/media\/456"}],"wp:attachment":[{"href":"https:\/\/ostrowskatv.pl\/index.php?rest_route=%2Fwp%2Fv2%2Fmedia&parent=455"}],"wp:term":[{"taxonomy":"category","embeddable":true,"href":"https:\/\/ostrowskatv.pl\/index.php?rest_route=%2Fwp%2Fv2%2Fcategories&post=455"},{"taxonomy":"post_tag","embeddable":true,"href":"https:\/\/ostrowskatv.pl\/index.php?rest_route=%2Fwp%2Fv2%2Ftags&post=455"}],"curies":[{"name":"wp","href":"https:\/\/api.w.org\/{rel}","templated":true}]}}