{"id":4517,"date":"2017-08-15T16:24:10","date_gmt":"2017-08-15T15:24:10","guid":{"rendered":"http:\/\/ostrowska.tv\/?p=4517"},"modified":"2017-08-15T16:29:16","modified_gmt":"2017-08-15T15:29:16","slug":"pozar-samochodu-na-piaskach-szczygliczce","status":"publish","type":"post","link":"https:\/\/ostrowskatv.pl\/?p=4517","title":{"rendered":"Po\u017car samochodu na Piaskach-Szczygliczce"},"content":{"rendered":"<p><strong>Na Piaskach-Szczygliczce dosz\u0142o do po\u017caru samochodu Renault Laguna. Incydent mia\u0142 miejsce na parkingu o\u015brodka od strony ul. Limanowskiego. O godzinie 16:00 zadysponowano jeden w\u00f3z bojowy stra\u017cy po\u017carnej. Ci po dojechaniu na miejsce zauwa\u017cyli zadymienie i p\u0142omienie wydobywaj\u0105ce si\u0119 z komory silnika. Ju\u017c w 20 sekundzie od przyjazdu z w\u0119\u017ca szybkiego natarcia polecia\u0142a woda. W\u0142a\u015bciciel o zniszczeniu auta dowiedzia\u0142 si\u0119 po kilkudziesi\u0119ciu minutach.<\/strong><\/p>\n<div id='gallery-1' class='gallery galleryid-4517 gallery-columns-3 gallery-size-thumbnail'><figure class='gallery-item'>\n\t\t\t<div class='gallery-icon landscape'>\n\t\t\t\t<a href='https:\/\/ostrowskatv.pl\/?attachment_id=4518'><img loading=\"lazy\" decoding=\"async\" width=\"150\" height=\"150\" src=\"https:\/\/ostrowskatv.pl\/wp-content\/uploads\/2017\/08\/20170815_161355-150x150.jpg\" class=\"attachment-thumbnail size-thumbnail\" alt=\"\" \/><\/a>\n\t\t\t<\/div><\/figure><figure class='gallery-item'>\n\t\t\t<div class='gallery-icon portrait'>\n\t\t\t\t<a href='https:\/\/ostrowskatv.pl\/?attachment_id=4519'><img loading=\"lazy\" decoding=\"async\" width=\"150\" height=\"150\" src=\"https:\/\/ostrowskatv.pl\/wp-content\/uploads\/2017\/08\/20170815_160449-150x150.jpg\" class=\"attachment-thumbnail size-thumbnail\" alt=\"\" \/><\/a>\n\t\t\t<\/div><\/figure><figure class='gallery-item'>\n\t\t\t<div class='gallery-icon landscape'>\n\t\t\t\t<a href='https:\/\/ostrowskatv.pl\/?attachment_id=4520'><img loading=\"lazy\" decoding=\"async\" width=\"150\" height=\"150\" src=\"https:\/\/ostrowskatv.pl\/wp-content\/uploads\/2017\/08\/20170815_160430-150x150.jpg\" class=\"attachment-thumbnail size-thumbnail\" alt=\"\" \/><\/a>\n\t\t\t<\/div><\/figure><figure class='gallery-item'>\n\t\t\t<div class='gallery-icon landscape'>\n\t\t\t\t<a href='https:\/\/ostrowskatv.pl\/?attachment_id=4521'><img loading=\"lazy\" decoding=\"async\" width=\"150\" height=\"150\" src=\"https:\/\/ostrowskatv.pl\/wp-content\/uploads\/2017\/08\/20170815_160421-150x150.jpg\" class=\"attachment-thumbnail size-thumbnail\" alt=\"\" \/><\/a>\n\t\t\t<\/div><\/figure>\n\t\t<\/div>\n\n<p><iframe loading=\"lazy\" title=\"Po\u017car samochodu - Piaski-Szczygliczka\" width=\"747\" height=\"420\" src=\"https:\/\/www.youtube.com\/embed\/Q8qs5JlGDFQ?feature=oembed\" frameborder=\"0\" allow=\"accelerometer; autoplay; clipboard-write; encrypted-media; gyroscope; picture-in-picture; web-share\" referrerpolicy=\"strict-origin-when-cross-origin\" allowfullscreen><\/iframe><\/p>\n","protected":false},"excerpt":{"rendered":"Na Piaskach-Szczygliczce dosz\u0142o do po\u017caru samochodu Renault Laguna. Incydent mia\u0142 miejsce na parkingu o\u015brodka od strony ul. Limanowskiego. O godzinie 16:00 zadysponowano jeden \n<a class=\"moretag\" href=\"https:\/\/ostrowskatv.pl\/?p=4517\"> [...]<\/a>","protected":false},"author":1,"featured_media":4521,"comment_status":"open","ping_status":"open","sticky":false,"template":"","format":"standard","meta":{"footnotes":""},"categories":[1],"tags":[2],"class_list":["post-4517","post","type-post","status-publish","format-standard","has-post-thumbnail","hentry","category-news","tag-ostrow-wielkopolski"],"_links":{"self":[{"href":"https:\/\/ostrowskatv.pl\/index.php?rest_route=\/wp\/v2\/posts\/4517","targetHints":{"allow":["GET"]}}],"collection":[{"href":"https:\/\/ostrowskatv.pl\/index.php?rest_route=\/wp\/v2\/posts"}],"about":[{"href":"https:\/\/ostrowskatv.pl\/index.php?rest_route=\/wp\/v2\/types\/post"}],"author":[{"embeddable":true,"href":"https:\/\/ostrowskatv.pl\/index.php?rest_route=\/wp\/v2\/users\/1"}],"replies":[{"embeddable":true,"href":"https:\/\/ostrowskatv.pl\/index.php?rest_route=%2Fwp%2Fv2%2Fcomments&post=4517"}],"version-history":[{"count":0,"href":"https:\/\/ostrowskatv.pl\/index.php?rest_route=\/wp\/v2\/posts\/4517\/revisions"}],"wp:featuredmedia":[{"embeddable":true,"href":"https:\/\/ostrowskatv.pl\/index.php?rest_route=\/wp\/v2\/media\/4521"}],"wp:attachment":[{"href":"https:\/\/ostrowskatv.pl\/index.php?rest_route=%2Fwp%2Fv2%2Fmedia&parent=4517"}],"wp:term":[{"taxonomy":"category","embeddable":true,"href":"https:\/\/ostrowskatv.pl\/index.php?rest_route=%2Fwp%2Fv2%2Fcategories&post=4517"},{"taxonomy":"post_tag","embeddable":true,"href":"https:\/\/ostrowskatv.pl\/index.php?rest_route=%2Fwp%2Fv2%2Ftags&post=4517"}],"curies":[{"name":"wp","href":"https:\/\/api.w.org\/{rel}","templated":true}]}}