{"id":4472,"date":"2017-08-11T08:57:42","date_gmt":"2017-08-11T07:57:42","guid":{"rendered":"http:\/\/ostrowska.tv\/?p=4472"},"modified":"2017-08-11T08:57:42","modified_gmt":"2017-08-11T07:57:42","slug":"zginal-23-latek-w-wypadku-pod-odolanowem","status":"publish","type":"post","link":"https:\/\/ostrowskatv.pl\/?p=4472","title":{"rendered":"Zgin\u0105\u0142 23-latek w wypadku pod Odolanowem"},"content":{"rendered":"<p><strong>Wieczorem na drodze Odolan\u00f3w-Sulmierzyce dosz\u0142o do \u015bmiertelnego w skutkach wypadku. Po godzinie 20:40, 100 metr\u00f3w przed powiatem ostrowskim, samoch\u00f3d Peugeot 206 zjecha\u0142 na przeciwny pas drogi, tam zjecha\u0142 na pobocze, przelecia\u0142 przez r\u00f3w, a nast\u0119pnie \u015bci\u0105\u0142 drzewo na dw\u00f3ch wysoko\u015bciach. W \u015brodku znajdowa\u0142 si\u0119 23-letni m\u0119\u017cczyzna. Zgin\u0105\u0142 na miejscu.<\/strong><\/p>\n<p>Wed\u0142ug oficjalnych informacji, 23-letni mieszkaniec Sulmierzyc, pochodz\u0105cy z wojew\u00f3dztwa dolno\u015bl\u0105skiego wzi\u0105\u0142 kluczyki do auta, mimo i\u017c nie posiada\u0142 prawa jazdy. Chwil\u0119 p\u00f3\u017aniej jecha\u0142 z bardzo du\u017c\u0105 pr\u0119dko\u015bci\u0105 w miejscu, gdzie jest ograniczenie pr\u0119dko\u015bci do 70 km\/h.<\/p>\n<p>Bezpo\u015brednio po wypadku kierowca auta by\u0142 zakleszczony w jego wn\u0119trzu. Dzi\u0119ki stra\u017cakom uda\u0142o si\u0119 dosta\u0107 do poszkodowanego. Jednak przyby\u0142y na miejsce lekarz stwierdzi\u0142 zgon.<br \/>\nCia\u0142o zosta\u0142o zabezpieczone do sekcji zw\u0142ok.<\/p>\n<div id='gallery-1' class='gallery galleryid-4472 gallery-columns-3 gallery-size-thumbnail'><figure class='gallery-item'>\n\t\t\t<div class='gallery-icon landscape'>\n\t\t\t\t<a href='https:\/\/ostrowskatv.pl\/?attachment_id=4479'><img loading=\"lazy\" decoding=\"async\" width=\"150\" height=\"150\" src=\"https:\/\/ostrowskatv.pl\/wp-content\/uploads\/2017\/08\/IMG_20170810_231922-150x150.jpg\" class=\"attachment-thumbnail size-thumbnail\" alt=\"\" \/><\/a>\n\t\t\t<\/div><\/figure><figure class='gallery-item'>\n\t\t\t<div class='gallery-icon landscape'>\n\t\t\t\t<a href='https:\/\/ostrowskatv.pl\/?attachment_id=4473'><img loading=\"lazy\" decoding=\"async\" width=\"150\" height=\"150\" src=\"https:\/\/ostrowskatv.pl\/wp-content\/uploads\/2017\/08\/IMG_20170810_222735-150x150.jpg\" class=\"attachment-thumbnail size-thumbnail\" alt=\"\" \/><\/a>\n\t\t\t<\/div><\/figure><figure class='gallery-item'>\n\t\t\t<div class='gallery-icon landscape'>\n\t\t\t\t<a href='https:\/\/ostrowskatv.pl\/?attachment_id=4477'><img loading=\"lazy\" decoding=\"async\" width=\"150\" height=\"150\" src=\"https:\/\/ostrowskatv.pl\/wp-content\/uploads\/2017\/08\/IMG_20170810_223854-150x150.jpg\" class=\"attachment-thumbnail size-thumbnail\" alt=\"\" \/><\/a>\n\t\t\t<\/div><\/figure><figure class='gallery-item'>\n\t\t\t<div class='gallery-icon landscape'>\n\t\t\t\t<a href='https:\/\/ostrowskatv.pl\/?attachment_id=4476'><img loading=\"lazy\" decoding=\"async\" width=\"150\" height=\"150\" src=\"https:\/\/ostrowskatv.pl\/wp-content\/uploads\/2017\/08\/IMG_20170810_223839-150x150.jpg\" class=\"attachment-thumbnail size-thumbnail\" alt=\"\" \/><\/a>\n\t\t\t<\/div><\/figure><figure class='gallery-item'>\n\t\t\t<div class='gallery-icon landscape'>\n\t\t\t\t<a href='https:\/\/ostrowskatv.pl\/?attachment_id=4475'><img loading=\"lazy\" decoding=\"async\" width=\"150\" height=\"150\" src=\"https:\/\/ostrowskatv.pl\/wp-content\/uploads\/2017\/08\/IMG_20170810_222912-150x150.jpg\" class=\"attachment-thumbnail size-thumbnail\" alt=\"\" \/><\/a>\n\t\t\t<\/div><\/figure><figure class='gallery-item'>\n\t\t\t<div class='gallery-icon landscape'>\n\t\t\t\t<a href='https:\/\/ostrowskatv.pl\/?attachment_id=4474'><img loading=\"lazy\" decoding=\"async\" width=\"150\" height=\"150\" src=\"https:\/\/ostrowskatv.pl\/wp-content\/uploads\/2017\/08\/IMG_20170810_222827-150x150.jpg\" class=\"attachment-thumbnail size-thumbnail\" alt=\"\" \/><\/a>\n\t\t\t<\/div><\/figure><figure class='gallery-item'>\n\t\t\t<div class='gallery-icon landscape'>\n\t\t\t\t<a href='https:\/\/ostrowskatv.pl\/?attachment_id=4478'><img loading=\"lazy\" decoding=\"async\" width=\"150\" height=\"150\" src=\"https:\/\/ostrowskatv.pl\/wp-content\/uploads\/2017\/08\/IMG_20170810_225610-150x150.jpg\" class=\"attachment-thumbnail size-thumbnail\" alt=\"\" \/><\/a>\n\t\t\t<\/div><\/figure>\n\t\t<\/div>\n\n","protected":false},"excerpt":{"rendered":"Wieczorem na drodze Odolan\u00f3w-Sulmierzyce dosz\u0142o do \u015bmiertelnego w skutkach wypadku. Po godzinie 20:40, 100 metr\u00f3w przed powiatem ostrowskim, samoch\u00f3d Peugeot 206 zjecha\u0142 na \n<a class=\"moretag\" href=\"https:\/\/ostrowskatv.pl\/?p=4472\"> [...]<\/a>","protected":false},"author":1,"featured_media":4477,"comment_status":"open","ping_status":"open","sticky":false,"template":"","format":"standard","meta":{"footnotes":""},"categories":[1],"tags":[38],"class_list":["post-4472","post","type-post","status-publish","format-standard","has-post-thumbnail","hentry","category-news","tag-odolanow"],"_links":{"self":[{"href":"https:\/\/ostrowskatv.pl\/index.php?rest_route=\/wp\/v2\/posts\/4472","targetHints":{"allow":["GET"]}}],"collection":[{"href":"https:\/\/ostrowskatv.pl\/index.php?rest_route=\/wp\/v2\/posts"}],"about":[{"href":"https:\/\/ostrowskatv.pl\/index.php?rest_route=\/wp\/v2\/types\/post"}],"author":[{"embeddable":true,"href":"https:\/\/ostrowskatv.pl\/index.php?rest_route=\/wp\/v2\/users\/1"}],"replies":[{"embeddable":true,"href":"https:\/\/ostrowskatv.pl\/index.php?rest_route=%2Fwp%2Fv2%2Fcomments&post=4472"}],"version-history":[{"count":0,"href":"https:\/\/ostrowskatv.pl\/index.php?rest_route=\/wp\/v2\/posts\/4472\/revisions"}],"wp:featuredmedia":[{"embeddable":true,"href":"https:\/\/ostrowskatv.pl\/index.php?rest_route=\/wp\/v2\/media\/4477"}],"wp:attachment":[{"href":"https:\/\/ostrowskatv.pl\/index.php?rest_route=%2Fwp%2Fv2%2Fmedia&parent=4472"}],"wp:term":[{"taxonomy":"category","embeddable":true,"href":"https:\/\/ostrowskatv.pl\/index.php?rest_route=%2Fwp%2Fv2%2Fcategories&post=4472"},{"taxonomy":"post_tag","embeddable":true,"href":"https:\/\/ostrowskatv.pl\/index.php?rest_route=%2Fwp%2Fv2%2Ftags&post=4472"}],"curies":[{"name":"wp","href":"https:\/\/api.w.org\/{rel}","templated":true}]}}