{"id":447,"date":"2016-02-25T13:07:32","date_gmt":"2016-02-25T12:07:32","guid":{"rendered":"http:\/\/ostrowska.tv\/?p=447"},"modified":"2016-02-25T13:07:32","modified_gmt":"2016-02-25T12:07:32","slug":"radni-nie-odpuszczaja-w-sprawie-hali-chca-znac-decyzje","status":"publish","type":"post","link":"https:\/\/ostrowskatv.pl\/?p=447","title":{"rendered":"Radni nie odpuszczaj\u0105 w sprawie hali. Chc\u0105 zna\u0107 decyzj\u0119"},"content":{"rendered":"<p><strong>Podczas Sesji Rady Miejskiej Ostrowa Wielkopolskiego po raz kolejny wr\u00f3ci\u0142 temat hali przy ulicy Kusoci\u0144skiego. Konkretne pytanie w tej sprawie zada\u0142 radny Wojciech Matuszczak.<\/strong><\/p>\n<p>&#8211; Nadal nie ma w tej sprawie jednoznacznego stanowiska w\u0142adz miasta. Wiadomo, \u017ce ta inwestycja nie znajdowa\u0142a si\u0119 w Wieloletniej Prognozie Finansowej, wi\u0119c teoretycznie nie powinni\u015bmy jej bra\u0107 pod uwag\u0119. Chcieliby\u015bmy jednak dowiedzie\u0107 si\u0119 w ko\u0144cu, co zamierza pani prezydent \u2013 podkre\u015bla\u0142 radny <strong>Wojciech Matuszczak.<\/strong><\/p>\n<p>W Radzie Miejskiej jest wielu zwolennik\u00f3w budowy nowej hali. W ich ocenie mog\u0142aby ona powsta\u0107 przy ulicy Wojska Polskiego. Przeciwnicy twierdz\u0105, \u017ce miasta na tak\u0105 inwestycj\u0119 po prostu nie sta\u0107. Radny <strong>Matuszczak<\/strong> zwraca jednak uwag\u0119, \u017ce ju\u017c wkr\u00f3tce ten temat mo\u017ce zosta\u0107 ostatecznie zablokowany. Dlaczego?<\/p>\n<p>&#8211; Od pewnego czasu m\u00f3wi si\u0119, \u017ce na tych terenach ma powsta\u0107 Centrum Przesiadkowe. Je\u015bli tak si\u0119 stanie, to temat nowej hali zostanie ostatecznie zablokowany \u2013 podkre\u015bla radny.<\/p>\n<p>Now\u0105 hal\u0119 chce budowa\u0107 tak\u017ce cz\u0119\u015b\u0107 radnych Platformy Obywatelskiej. Przedstawiciel tego klubu <strong>Mariusz Leki<\/strong> wskazywa\u0142 wcze\u015bniej, \u017ce pieni\u0119dzy na ten cel nale\u017cy szuka\u0107 w Ministerstwie Sportu i LOTTO. W tym kierunku poszed\u0142 S\u0142upsk, kt\u00f3ry nowy obiekt zbuduje za 30 milion\u00f3w, ale wk\u0142ad w\u0142asny b\u0119dzie na poziomie zaledwie pi\u0119ciu milion\u00f3w z\u0142otych. Z kolei hala przy Kusoci\u0144skiego mia\u0142aby zosta\u0107 odkupiona za kwot\u0119 o\u015bmiu milion\u00f3w z\u0142otych. Leki dodawa\u0142 przy tym \u017ce r\u0119ki za odkupieniem obiektu od sp\u00f3\u0142ki BM Slam nie podniesie. Jakie powinno by\u0107 stanowisko w\u0142adz miasta?<\/p>\n","protected":false},"excerpt":{"rendered":"Podczas Sesji Rady Miejskiej Ostrowa Wielkopolskiego po raz kolejny wr\u00f3ci\u0142 temat hali przy ulicy Kusoci\u0144skiego. Konkretne pytanie w tej sprawie zada\u0142 radny Wojciech \n<a class=\"moretag\" href=\"https:\/\/ostrowskatv.pl\/?p=447\"> [...]<\/a>","protected":false},"author":1,"featured_media":158,"comment_status":"open","ping_status":"open","sticky":false,"template":"","format":"standard","meta":{"footnotes":""},"categories":[1],"tags":[23,2],"class_list":["post-447","post","type-post","status-publish","format-standard","has-post-thumbnail","hentry","category-news","tag-hala","tag-ostrow-wielkopolski"],"_links":{"self":[{"href":"https:\/\/ostrowskatv.pl\/index.php?rest_route=\/wp\/v2\/posts\/447","targetHints":{"allow":["GET"]}}],"collection":[{"href":"https:\/\/ostrowskatv.pl\/index.php?rest_route=\/wp\/v2\/posts"}],"about":[{"href":"https:\/\/ostrowskatv.pl\/index.php?rest_route=\/wp\/v2\/types\/post"}],"author":[{"embeddable":true,"href":"https:\/\/ostrowskatv.pl\/index.php?rest_route=\/wp\/v2\/users\/1"}],"replies":[{"embeddable":true,"href":"https:\/\/ostrowskatv.pl\/index.php?rest_route=%2Fwp%2Fv2%2Fcomments&post=447"}],"version-history":[{"count":0,"href":"https:\/\/ostrowskatv.pl\/index.php?rest_route=\/wp\/v2\/posts\/447\/revisions"}],"wp:featuredmedia":[{"embeddable":true,"href":"https:\/\/ostrowskatv.pl\/index.php?rest_route=\/wp\/v2\/media\/158"}],"wp:attachment":[{"href":"https:\/\/ostrowskatv.pl\/index.php?rest_route=%2Fwp%2Fv2%2Fmedia&parent=447"}],"wp:term":[{"taxonomy":"category","embeddable":true,"href":"https:\/\/ostrowskatv.pl\/index.php?rest_route=%2Fwp%2Fv2%2Fcategories&post=447"},{"taxonomy":"post_tag","embeddable":true,"href":"https:\/\/ostrowskatv.pl\/index.php?rest_route=%2Fwp%2Fv2%2Ftags&post=447"}],"curies":[{"name":"wp","href":"https:\/\/api.w.org\/{rel}","templated":true}]}}