{"id":4462,"date":"2017-08-07T08:39:07","date_gmt":"2017-08-07T07:39:07","guid":{"rendered":"http:\/\/ostrowska.tv\/?p=4462"},"modified":"2017-08-07T08:39:07","modified_gmt":"2017-08-07T07:39:07","slug":"nie-pierwszy-wypadek-na-obwodnicy-ostrowa-wlkp","status":"publish","type":"post","link":"https:\/\/ostrowskatv.pl\/?p=4462","title":{"rendered":"(Nie) pierwszy wypadek na obwodnicy Ostrowa Wlkp."},"content":{"rendered":"<p><strong>Po godzinie 21:00 na obwodnicy Ostrowa Wlkp. &#8211; drugi odcinek &#8211; dosz\u0142o do gro\u017anie wygl\u0105daj\u0105cego zdarzenia drogowego. Kierowca Audi z nieznanych przyczyn straci\u0142 panowanie nad samochodem. Auto gwa\u0142townie uderzy\u0142o w barierki rozdzielaj\u0105ce jezdnie, a nast\u0119pnie zatrzyma\u0142o si\u0119 na prawym poboczu.<\/strong><\/p>\n<p>Pomimo du\u017cych uszkodze\u0144 auta, \u017cadna z dw\u00f3ch os\u00f3b nim podr\u00f3\u017cuj\u0105cych nie ucierpia\u0142a. Na miejsce wys\u0142ano jednostk\u0119 OSP Przygodzice do posprz\u0105tania porozrzucanych element\u00f3w samochodu i zneutralizowania wylanych p\u0142yn\u00f3w eksploatacyjnych.<\/p>\n<div id='gallery-1' class='gallery galleryid-4462 gallery-columns-3 gallery-size-thumbnail'><figure class='gallery-item'>\n\t\t\t<div class='gallery-icon landscape'>\n\t\t\t\t<a href='https:\/\/ostrowskatv.pl\/?attachment_id=4463'><img loading=\"lazy\" decoding=\"async\" width=\"150\" height=\"150\" src=\"https:\/\/ostrowskatv.pl\/wp-content\/uploads\/2017\/08\/obwodnica_ostrowa_3-150x150.jpg\" class=\"attachment-thumbnail size-thumbnail\" alt=\"\" \/><\/a>\n\t\t\t<\/div><\/figure><figure class='gallery-item'>\n\t\t\t<div class='gallery-icon landscape'>\n\t\t\t\t<a href='https:\/\/ostrowskatv.pl\/?attachment_id=4464'><img loading=\"lazy\" decoding=\"async\" width=\"150\" height=\"150\" src=\"https:\/\/ostrowskatv.pl\/wp-content\/uploads\/2017\/08\/obwodnica_ostrowa_2-150x150.jpg\" class=\"attachment-thumbnail size-thumbnail\" alt=\"\" \/><\/a>\n\t\t\t<\/div><\/figure><figure class='gallery-item'>\n\t\t\t<div class='gallery-icon landscape'>\n\t\t\t\t<a href='https:\/\/ostrowskatv.pl\/?attachment_id=4465'><img loading=\"lazy\" decoding=\"async\" width=\"150\" height=\"150\" src=\"https:\/\/ostrowskatv.pl\/wp-content\/uploads\/2017\/08\/obwodnica_ostrowa_1-150x150.jpg\" class=\"attachment-thumbnail size-thumbnail\" alt=\"\" \/><\/a>\n\t\t\t<\/div><\/figure><figure class='gallery-item'>\n\t\t\t<div class='gallery-icon landscape'>\n\t\t\t\t<a href='https:\/\/ostrowskatv.pl\/?attachment_id=4466'><img loading=\"lazy\" decoding=\"async\" width=\"150\" height=\"150\" src=\"https:\/\/ostrowskatv.pl\/wp-content\/uploads\/2017\/08\/obwodnica_ostrowa_4-150x150.jpg\" class=\"attachment-thumbnail size-thumbnail\" alt=\"\" \/><\/a>\n\t\t\t<\/div><\/figure>\n\t\t<\/div>\n\n<p>Jak si\u0119 okaza\u0142o, by\u0142 to ju\u017c drugi incydent drogowy na nowym odcinku obwodnicy Ostrowa Wlkp. Do poprzedniego dosz\u0142o ponad tydzie\u0144 wcze\u015bniej.<\/p>\n","protected":false},"excerpt":{"rendered":"Po godzinie 21:00 na obwodnicy Ostrowa Wlkp. &#8211; drugi odcinek &#8211; dosz\u0142o do gro\u017anie wygl\u0105daj\u0105cego zdarzenia drogowego. Kierowca Audi z nieznanych przyczyn straci\u0142 \n<a class=\"moretag\" href=\"https:\/\/ostrowskatv.pl\/?p=4462\"> [...]<\/a>","protected":false},"author":1,"featured_media":4464,"comment_status":"open","ping_status":"open","sticky":false,"template":"","format":"standard","meta":{"footnotes":""},"categories":[1],"tags":[139],"class_list":["post-4462","post","type-post","status-publish","format-standard","has-post-thumbnail","hentry","category-news","tag-obwodnica-ostrowa"],"_links":{"self":[{"href":"https:\/\/ostrowskatv.pl\/index.php?rest_route=\/wp\/v2\/posts\/4462","targetHints":{"allow":["GET"]}}],"collection":[{"href":"https:\/\/ostrowskatv.pl\/index.php?rest_route=\/wp\/v2\/posts"}],"about":[{"href":"https:\/\/ostrowskatv.pl\/index.php?rest_route=\/wp\/v2\/types\/post"}],"author":[{"embeddable":true,"href":"https:\/\/ostrowskatv.pl\/index.php?rest_route=\/wp\/v2\/users\/1"}],"replies":[{"embeddable":true,"href":"https:\/\/ostrowskatv.pl\/index.php?rest_route=%2Fwp%2Fv2%2Fcomments&post=4462"}],"version-history":[{"count":0,"href":"https:\/\/ostrowskatv.pl\/index.php?rest_route=\/wp\/v2\/posts\/4462\/revisions"}],"wp:featuredmedia":[{"embeddable":true,"href":"https:\/\/ostrowskatv.pl\/index.php?rest_route=\/wp\/v2\/media\/4464"}],"wp:attachment":[{"href":"https:\/\/ostrowskatv.pl\/index.php?rest_route=%2Fwp%2Fv2%2Fmedia&parent=4462"}],"wp:term":[{"taxonomy":"category","embeddable":true,"href":"https:\/\/ostrowskatv.pl\/index.php?rest_route=%2Fwp%2Fv2%2Fcategories&post=4462"},{"taxonomy":"post_tag","embeddable":true,"href":"https:\/\/ostrowskatv.pl\/index.php?rest_route=%2Fwp%2Fv2%2Ftags&post=4462"}],"curies":[{"name":"wp","href":"https:\/\/api.w.org\/{rel}","templated":true}]}}