{"id":4314,"date":"2017-07-20T07:16:19","date_gmt":"2017-07-20T06:16:19","guid":{"rendered":"http:\/\/ostrowska.tv\/?p=4314"},"modified":"2017-07-20T10:14:14","modified_gmt":"2017-07-20T09:14:14","slug":"wypadek-motocyklisty-zapieral","status":"publish","type":"post","link":"https:\/\/ostrowskatv.pl\/?p=4314","title":{"rendered":"Wypadek motocyklisty. &#8222;Zapier***a\u0142&#8221; (aktualizacja)"},"content":{"rendered":"<p><strong>W czwartek o godzinie 6:45 dosz\u0142o do wypadku z udzia\u0142em motocykla Suzuki oraz dostawczego Peugeota. Oko\u0142o 30-letni motocyklista jecha\u0142 z Ostrowa Wlkp. w stron\u0119 Odolanowa. W Topoli Ma\u0142ej zorientowa\u0142 si\u0119, \u017ce jad\u0105cy przed nim Peugeot rozpocz\u0105\u0142 manewr skr\u0119tu w lewo, na jedn\u0105 z posesji. Po \u015bladach hamowania wida\u0107, \u017ce kierowca jedno\u015bladu zacz\u0105\u0142 hamowa\u0107, a nast\u0119pnie wykona\u0142 manewr obronny poprzez przewr\u00f3cenie motocykla. Nie zapobieg\u0142o to zderzeniu si\u0119 z ty\u0142em Peugeota.<\/strong><\/p>\n<p>Jak m\u00f3wili na miejscu zdarzenia pasa\u017cerowie i kierowca z Peugeota, ich samoch\u00f3d mia\u0142 w\u0142\u0105czony kierunkowskaz. Pasa\u017cerowie relacjonowali po wypadku, \u017ce tu\u017c przed zderzeniem s\u0142yszeli, \u017ce motocyklista &#8222;zapier***a\u0142&#8221;. Poszkodowany by\u0142 przytomny, jednak stwierdzono u niego z\u0142amane ko\u015bci. <\/p>\n<p>Aktualizacja:<br \/>\nJak si\u0119 okaza\u0142o, motocyklista wyprzedza\u0142 dwa pojazdy. Pierwszy z nich nie zauwa\u017cy\u0142 motocyklisty, przez co zmieni\u0142 pas ruchu nie ust\u0119puj\u0105c pierwsze\u0144stwa motocykli\u015bcie.<\/p>\n<p>Motocykl Suzuki GSX-R potrafi osi\u0105gn\u0105\u0107 pr\u0119dko\u015b\u0107 260 km\/h, a do setki rozp\u0119dza si\u0119 w kilka sekund.<\/p>\n<div id='gallery-1' class='gallery galleryid-4314 gallery-columns-3 gallery-size-thumbnail'><figure class='gallery-item'>\n\t\t\t<div class='gallery-icon landscape'>\n\t\t\t\t<a href='https:\/\/ostrowskatv.pl\/?attachment_id=4315'><img loading=\"lazy\" decoding=\"async\" width=\"150\" height=\"150\" src=\"https:\/\/ostrowskatv.pl\/wp-content\/uploads\/2017\/07\/20170720_065425-150x150.jpg\" class=\"attachment-thumbnail size-thumbnail\" alt=\"\" \/><\/a>\n\t\t\t<\/div><\/figure><figure class='gallery-item'>\n\t\t\t<div class='gallery-icon landscape'>\n\t\t\t\t<a href='https:\/\/ostrowskatv.pl\/?attachment_id=4316'><img loading=\"lazy\" decoding=\"async\" width=\"150\" height=\"150\" src=\"https:\/\/ostrowskatv.pl\/wp-content\/uploads\/2017\/07\/20170720_070923-150x150.jpg\" class=\"attachment-thumbnail size-thumbnail\" alt=\"\" \/><\/a>\n\t\t\t<\/div><\/figure><figure class='gallery-item'>\n\t\t\t<div class='gallery-icon landscape'>\n\t\t\t\t<a href='https:\/\/ostrowskatv.pl\/?attachment_id=4319'><img loading=\"lazy\" decoding=\"async\" width=\"150\" height=\"150\" src=\"https:\/\/ostrowskatv.pl\/wp-content\/uploads\/2017\/07\/20170720_065358-150x150.jpg\" class=\"attachment-thumbnail size-thumbnail\" alt=\"\" \/><\/a>\n\t\t\t<\/div><\/figure><figure class='gallery-item'>\n\t\t\t<div class='gallery-icon landscape'>\n\t\t\t\t<a href='https:\/\/ostrowskatv.pl\/?attachment_id=4320'><img loading=\"lazy\" decoding=\"async\" width=\"150\" height=\"150\" src=\"https:\/\/ostrowskatv.pl\/wp-content\/uploads\/2017\/07\/20170720_065349-150x150.jpg\" class=\"attachment-thumbnail size-thumbnail\" alt=\"\" \/><\/a>\n\t\t\t<\/div><\/figure><figure class='gallery-item'>\n\t\t\t<div class='gallery-icon portrait'>\n\t\t\t\t<a href='https:\/\/ostrowskatv.pl\/?attachment_id=4318'><img loading=\"lazy\" decoding=\"async\" width=\"150\" height=\"150\" src=\"https:\/\/ostrowskatv.pl\/wp-content\/uploads\/2017\/07\/20170720_065503-150x150.jpg\" class=\"attachment-thumbnail size-thumbnail\" alt=\"\" \/><\/a>\n\t\t\t<\/div><\/figure><figure class='gallery-item'>\n\t\t\t<div class='gallery-icon landscape'>\n\t\t\t\t<a href='https:\/\/ostrowskatv.pl\/?attachment_id=4321'><img loading=\"lazy\" decoding=\"async\" width=\"150\" height=\"150\" src=\"https:\/\/ostrowskatv.pl\/wp-content\/uploads\/2017\/07\/20170720_065339-150x150.jpg\" class=\"attachment-thumbnail size-thumbnail\" alt=\"\" \/><\/a>\n\t\t\t<\/div><\/figure><figure class='gallery-item'>\n\t\t\t<div class='gallery-icon portrait'>\n\t\t\t\t<a href='https:\/\/ostrowskatv.pl\/?attachment_id=4317'><img loading=\"lazy\" decoding=\"async\" width=\"150\" height=\"150\" src=\"https:\/\/ostrowskatv.pl\/wp-content\/uploads\/2017\/07\/20170720_070821-150x150.jpg\" class=\"attachment-thumbnail size-thumbnail\" alt=\"\" \/><\/a>\n\t\t\t<\/div><\/figure>\n\t\t<\/div>\n\n","protected":false},"excerpt":{"rendered":"W czwartek o godzinie 6:45 dosz\u0142o do wypadku z udzia\u0142em motocykla Suzuki oraz dostawczego Peugeota. Oko\u0142o 30-letni motocyklista jecha\u0142 z Ostrowa Wlkp. w \n<a class=\"moretag\" href=\"https:\/\/ostrowskatv.pl\/?p=4314\"> [...]<\/a>","protected":false},"author":1,"featured_media":4315,"comment_status":"open","ping_status":"open","sticky":false,"template":"","format":"standard","meta":{"footnotes":""},"categories":[1],"tags":[123],"class_list":["post-4314","post","type-post","status-publish","format-standard","has-post-thumbnail","hentry","category-news","tag-topola-mala"],"_links":{"self":[{"href":"https:\/\/ostrowskatv.pl\/index.php?rest_route=\/wp\/v2\/posts\/4314","targetHints":{"allow":["GET"]}}],"collection":[{"href":"https:\/\/ostrowskatv.pl\/index.php?rest_route=\/wp\/v2\/posts"}],"about":[{"href":"https:\/\/ostrowskatv.pl\/index.php?rest_route=\/wp\/v2\/types\/post"}],"author":[{"embeddable":true,"href":"https:\/\/ostrowskatv.pl\/index.php?rest_route=\/wp\/v2\/users\/1"}],"replies":[{"embeddable":true,"href":"https:\/\/ostrowskatv.pl\/index.php?rest_route=%2Fwp%2Fv2%2Fcomments&post=4314"}],"version-history":[{"count":0,"href":"https:\/\/ostrowskatv.pl\/index.php?rest_route=\/wp\/v2\/posts\/4314\/revisions"}],"wp:featuredmedia":[{"embeddable":true,"href":"https:\/\/ostrowskatv.pl\/index.php?rest_route=\/wp\/v2\/media\/4315"}],"wp:attachment":[{"href":"https:\/\/ostrowskatv.pl\/index.php?rest_route=%2Fwp%2Fv2%2Fmedia&parent=4314"}],"wp:term":[{"taxonomy":"category","embeddable":true,"href":"https:\/\/ostrowskatv.pl\/index.php?rest_route=%2Fwp%2Fv2%2Fcategories&post=4314"},{"taxonomy":"post_tag","embeddable":true,"href":"https:\/\/ostrowskatv.pl\/index.php?rest_route=%2Fwp%2Fv2%2Ftags&post=4314"}],"curies":[{"name":"wp","href":"https:\/\/api.w.org\/{rel}","templated":true}]}}