{"id":4309,"date":"2017-07-18T21:26:27","date_gmt":"2017-07-18T20:26:27","guid":{"rendered":"http:\/\/ostrowska.tv\/?p=4309"},"modified":"2017-07-18T21:45:57","modified_gmt":"2017-07-18T20:45:57","slug":"policja-szuka-mieszkanki-przygodzic","status":"publish","type":"post","link":"https:\/\/ostrowskatv.pl\/?p=4309","title":{"rendered":"Policja szuka mieszkanki Przygodzic"},"content":{"rendered":"<p><strong>Zagin\u0119\u0142a Szymczak Anna, lat 84 z Przygodzic. W przypadku posiadania informacji o kobiecie, prosimy kontaktowa\u0107 si\u0119 z policj\u0105 pod numerem 997.<\/strong><\/p>\n<p><img loading=\"lazy\" decoding=\"async\" src=\"http:\/\/ostrowska.tv\/wp-content\/uploads\/2017\/07\/anna_szymczak.jpg\" alt=\"\" width=\"1240\" height=\"1754\" class=\"alignnone size-full wp-image-4312\" srcset=\"https:\/\/ostrowskatv.pl\/wp-content\/uploads\/2017\/07\/anna_szymczak.jpg 1240w, https:\/\/ostrowskatv.pl\/wp-content\/uploads\/2017\/07\/anna_szymczak-212x300.jpg 212w, https:\/\/ostrowskatv.pl\/wp-content\/uploads\/2017\/07\/anna_szymczak-255x360.jpg 255w\" sizes=\"auto, (max-width: 1240px) 100vw, 1240px\" \/><\/p>\n","protected":false},"excerpt":{"rendered":"Zagin\u0119\u0142a Szymczak Anna, lat 84 z Przygodzic. W przypadku posiadania informacji o kobiecie, prosimy kontaktowa\u0107 si\u0119 z policj\u0105 pod numerem 997.\n<a class=\"moretag\" href=\"https:\/\/ostrowskatv.pl\/?p=4309\"> [...]<\/a>","protected":false},"author":1,"featured_media":1973,"comment_status":"open","ping_status":"open","sticky":false,"template":"","format":"standard","meta":{"footnotes":""},"categories":[1],"tags":[27],"class_list":["post-4309","post","type-post","status-publish","format-standard","has-post-thumbnail","hentry","category-news","tag-przygodzice"],"_links":{"self":[{"href":"https:\/\/ostrowskatv.pl\/index.php?rest_route=\/wp\/v2\/posts\/4309","targetHints":{"allow":["GET"]}}],"collection":[{"href":"https:\/\/ostrowskatv.pl\/index.php?rest_route=\/wp\/v2\/posts"}],"about":[{"href":"https:\/\/ostrowskatv.pl\/index.php?rest_route=\/wp\/v2\/types\/post"}],"author":[{"embeddable":true,"href":"https:\/\/ostrowskatv.pl\/index.php?rest_route=\/wp\/v2\/users\/1"}],"replies":[{"embeddable":true,"href":"https:\/\/ostrowskatv.pl\/index.php?rest_route=%2Fwp%2Fv2%2Fcomments&post=4309"}],"version-history":[{"count":0,"href":"https:\/\/ostrowskatv.pl\/index.php?rest_route=\/wp\/v2\/posts\/4309\/revisions"}],"wp:featuredmedia":[{"embeddable":true,"href":"https:\/\/ostrowskatv.pl\/index.php?rest_route=\/wp\/v2\/media\/1973"}],"wp:attachment":[{"href":"https:\/\/ostrowskatv.pl\/index.php?rest_route=%2Fwp%2Fv2%2Fmedia&parent=4309"}],"wp:term":[{"taxonomy":"category","embeddable":true,"href":"https:\/\/ostrowskatv.pl\/index.php?rest_route=%2Fwp%2Fv2%2Fcategories&post=4309"},{"taxonomy":"post_tag","embeddable":true,"href":"https:\/\/ostrowskatv.pl\/index.php?rest_route=%2Fwp%2Fv2%2Ftags&post=4309"}],"curies":[{"name":"wp","href":"https:\/\/api.w.org\/{rel}","templated":true}]}}