{"id":4302,"date":"2017-07-16T19:12:31","date_gmt":"2017-07-16T18:12:31","guid":{"rendered":"http:\/\/ostrowska.tv\/?p=4302"},"modified":"2017-07-16T19:12:31","modified_gmt":"2017-07-16T18:12:31","slug":"smiglowiec-lpr-ratowal-kajakarza","status":"publish","type":"post","link":"https:\/\/ostrowskatv.pl\/?p=4302","title":{"rendered":"\u015amig\u0142owiec LPR ratowa\u0142 kajakarza"},"content":{"rendered":"<p><strong>W niedziel\u0119 po godzinie 14:00 w okolicy Grabowa nad Prosn\u0105 musia\u0142 interweniowa\u0107 \u015bmig\u0142owiec LPR. Wszystko za spraw\u0105 incydentu, do kt\u00f3rego dosz\u0142o na sp\u0142ywie kajakowym. 24-letni mieszkaniec Wysocka Ma\u0142ego p\u0142yn\u0105\u0142 z grup\u0105 znajomych rzek\u0105 Prosn\u0105. Nagle owad b\u0142onkoskrzyd\u0142y u\u017c\u0105dli\u0142 go w d\u0142o\u0144. M\u0142ody m\u0119\u017cczyzna by\u0142 uczulony na jad owad\u00f3w. Jego organizm wpad\u0142 we wstrz\u0105s anafilaktyczny. Typowe objawy to: obrz\u0119k, blado\u015b\u0107, os\u0142abienie, zawroty g\u0142owy, utrudnione oddychanie, a tak\u017ce mog\u0105 pojawi\u0107 si\u0119 wymioty.<\/strong><\/p>\n<p>Uczestnicy sp\u0142ywu wezwali pomoc medyczn\u0105. Dyspozytor wys\u0142a\u0142 \u015bmig\u0142owiec LPR. 24-latka zabrano do ostrowskiego szpitala gdzie podano mu leki przeciwuczuleniowe i przeciwhistaminowe. Dzi\u0119ki temu do\u015b\u0107 szybko zacz\u0105\u0142 dochodzi\u0107 do siebie. Niewykluczone, \u017ce jeszcze p\u00f3\u017anym wieczorem opu\u015bci Szpitalny Oddzia\u0142 Ratunkowy.<\/p>\n<p>Warto pami\u0119ta\u0107 by w takiej sytuacji poza wezwanie pomocy medycznej, zastosowa\u0107 poni\u017csze zalecenia. W przypadku u\u017c\u0105dle\u0144 osy, nale\u017cy j\u0105 str\u0105ci\u0107, poniewa\u017c nie zostawia \u017c\u0105d\u0142a w ciele poszkodowanego. W innych przypadkach nale\u017cy po\u0142o\u017cy\u0107 poszkodowanego i unie\u015b\u0107 jego nogi. W miar\u0119 mo\u017cliwo\u015bci przy\u0142o\u017cy\u0107 co\u015b zimnego w miejsce u\u017c\u0105dlenia. Gdy owad wstrzykn\u0105\u0142 jad w ko\u0144czyn\u0119, nale\u017cy j\u0105 unie\u015b\u0107 powy\u017cej linii serca i zastosowa\u0107 opask\u0119 uciskow\u0105 zmniejszaj\u0105c\u0105 przep\u0142yw krwi.<\/p>\n","protected":false},"excerpt":{"rendered":"W niedziel\u0119 po godzinie 14:00 w okolicy Grabowa nad Prosn\u0105 musia\u0142 interweniowa\u0107 \u015bmig\u0142owiec LPR. Wszystko za spraw\u0105 incydentu, do kt\u00f3rego dosz\u0142o na sp\u0142ywie \n<a class=\"moretag\" href=\"https:\/\/ostrowskatv.pl\/?p=4302\"> [...]<\/a>","protected":false},"author":1,"featured_media":4303,"comment_status":"open","ping_status":"open","sticky":false,"template":"","format":"standard","meta":{"footnotes":""},"categories":[1],"tags":[136],"class_list":["post-4302","post","type-post","status-publish","format-standard","has-post-thumbnail","hentry","category-news","tag-grabow-nad-prosna"],"_links":{"self":[{"href":"https:\/\/ostrowskatv.pl\/index.php?rest_route=\/wp\/v2\/posts\/4302","targetHints":{"allow":["GET"]}}],"collection":[{"href":"https:\/\/ostrowskatv.pl\/index.php?rest_route=\/wp\/v2\/posts"}],"about":[{"href":"https:\/\/ostrowskatv.pl\/index.php?rest_route=\/wp\/v2\/types\/post"}],"author":[{"embeddable":true,"href":"https:\/\/ostrowskatv.pl\/index.php?rest_route=\/wp\/v2\/users\/1"}],"replies":[{"embeddable":true,"href":"https:\/\/ostrowskatv.pl\/index.php?rest_route=%2Fwp%2Fv2%2Fcomments&post=4302"}],"version-history":[{"count":0,"href":"https:\/\/ostrowskatv.pl\/index.php?rest_route=\/wp\/v2\/posts\/4302\/revisions"}],"wp:featuredmedia":[{"embeddable":true,"href":"https:\/\/ostrowskatv.pl\/index.php?rest_route=\/wp\/v2\/media\/4303"}],"wp:attachment":[{"href":"https:\/\/ostrowskatv.pl\/index.php?rest_route=%2Fwp%2Fv2%2Fmedia&parent=4302"}],"wp:term":[{"taxonomy":"category","embeddable":true,"href":"https:\/\/ostrowskatv.pl\/index.php?rest_route=%2Fwp%2Fv2%2Fcategories&post=4302"},{"taxonomy":"post_tag","embeddable":true,"href":"https:\/\/ostrowskatv.pl\/index.php?rest_route=%2Fwp%2Fv2%2Ftags&post=4302"}],"curies":[{"name":"wp","href":"https:\/\/api.w.org\/{rel}","templated":true}]}}