{"id":4293,"date":"2017-07-13T18:09:32","date_gmt":"2017-07-13T17:09:32","guid":{"rendered":"http:\/\/ostrowska.tv\/?p=4293"},"modified":"2017-07-13T18:09:32","modified_gmt":"2017-07-13T17:09:32","slug":"wielki-pozar-stolarni-w-wysocku-malym","status":"publish","type":"post","link":"https:\/\/ostrowskatv.pl\/?p=4293","title":{"rendered":"Wielki po\u017car stolarni w Wysocku Ma\u0142ym"},"content":{"rendered":"<p><strong>O godzinie 16:30 stra\u017cacy zostali zawiadomieni o du\u017cym po\u017carze zak\u0142adu meblarskiego, w kt\u00f3rym produkowane by\u0142y meble tapicerskie. Ogie\u0144 w bardzo szybkim tempie obj\u0105\u0142 sporej powierzchni budynek.<\/strong><\/p>\n<p>Pracownicy zdo\u0142ali opu\u015bci\u0107 miejsce pracy o w\u0142asnych si\u0142ach, jeden z nich zosta\u0142 poszkodowany. Na miejsce zadysponowano co najmniej 14 jednostek stra\u017cy po\u017carnej z terenu powiatu ostrowskiego. Na miejscu stra\u017cacy musieli si\u0119 upora\u0107 z brakiem odpowiedniego ci\u015bnienia w hydrantach. Wewn\u0105trz zak\u0142adu znajdowa\u0142a si\u0119 stolarnia i lakiernia. Ca\u0142a hala produkcyjna sp\u0142on\u0119\u0142a. Uda\u0142o si\u0119 uratowa\u0107 cz\u0119\u015b\u0107 biurowo\/socjaln\u0105. Jak powiedzia\u0142 m\u0119\u017cczyzna z s\u0105siaduj\u0105cej z hal\u0105 posesji, na pocz\u0105tku by\u0142o s\u0142ycha\u0107 huk.<\/p>\n<div id='gallery-1' class='gallery galleryid-4293 gallery-columns-3 gallery-size-thumbnail'><figure class='gallery-item'>\n\t\t\t<div class='gallery-icon landscape'>\n\t\t\t\t<a href='https:\/\/ostrowskatv.pl\/?attachment_id=4294'><img loading=\"lazy\" decoding=\"async\" width=\"150\" height=\"150\" src=\"https:\/\/ostrowskatv.pl\/wp-content\/uploads\/2017\/07\/stolarnia_wysocko_male_01-150x150.jpg\" class=\"attachment-thumbnail size-thumbnail\" alt=\"\" \/><\/a>\n\t\t\t<\/div><\/figure><figure class='gallery-item'>\n\t\t\t<div class='gallery-icon landscape'>\n\t\t\t\t<a href='https:\/\/ostrowskatv.pl\/?attachment_id=4295'><img loading=\"lazy\" decoding=\"async\" width=\"150\" height=\"150\" src=\"https:\/\/ostrowskatv.pl\/wp-content\/uploads\/2017\/07\/stolarnia_wysocko_male_02-150x150.jpg\" class=\"attachment-thumbnail size-thumbnail\" alt=\"\" \/><\/a>\n\t\t\t<\/div><\/figure><figure class='gallery-item'>\n\t\t\t<div class='gallery-icon landscape'>\n\t\t\t\t<a href='https:\/\/ostrowskatv.pl\/?attachment_id=4296'><img loading=\"lazy\" decoding=\"async\" width=\"150\" height=\"150\" src=\"https:\/\/ostrowskatv.pl\/wp-content\/uploads\/2017\/07\/stolarnia_wysocko_male_03-150x150.jpg\" class=\"attachment-thumbnail size-thumbnail\" alt=\"\" \/><\/a>\n\t\t\t<\/div><\/figure>\n\t\t<\/div>\n\n","protected":false},"excerpt":{"rendered":"O godzinie 16:30 stra\u017cacy zostali zawiadomieni o du\u017cym po\u017carze zak\u0142adu meblarskiego, w kt\u00f3rym produkowane by\u0142y meble tapicerskie. Ogie\u0144 w bardzo szybkim tempie obj\u0105\u0142 \n<a class=\"moretag\" href=\"https:\/\/ostrowskatv.pl\/?p=4293\"> [...]<\/a>","protected":false},"author":1,"featured_media":4294,"comment_status":"open","ping_status":"open","sticky":false,"template":"","format":"standard","meta":{"footnotes":""},"categories":[1],"tags":[84],"class_list":["post-4293","post","type-post","status-publish","format-standard","has-post-thumbnail","hentry","category-news","tag-wysocko-male"],"_links":{"self":[{"href":"https:\/\/ostrowskatv.pl\/index.php?rest_route=\/wp\/v2\/posts\/4293","targetHints":{"allow":["GET"]}}],"collection":[{"href":"https:\/\/ostrowskatv.pl\/index.php?rest_route=\/wp\/v2\/posts"}],"about":[{"href":"https:\/\/ostrowskatv.pl\/index.php?rest_route=\/wp\/v2\/types\/post"}],"author":[{"embeddable":true,"href":"https:\/\/ostrowskatv.pl\/index.php?rest_route=\/wp\/v2\/users\/1"}],"replies":[{"embeddable":true,"href":"https:\/\/ostrowskatv.pl\/index.php?rest_route=%2Fwp%2Fv2%2Fcomments&post=4293"}],"version-history":[{"count":0,"href":"https:\/\/ostrowskatv.pl\/index.php?rest_route=\/wp\/v2\/posts\/4293\/revisions"}],"wp:featuredmedia":[{"embeddable":true,"href":"https:\/\/ostrowskatv.pl\/index.php?rest_route=\/wp\/v2\/media\/4294"}],"wp:attachment":[{"href":"https:\/\/ostrowskatv.pl\/index.php?rest_route=%2Fwp%2Fv2%2Fmedia&parent=4293"}],"wp:term":[{"taxonomy":"category","embeddable":true,"href":"https:\/\/ostrowskatv.pl\/index.php?rest_route=%2Fwp%2Fv2%2Fcategories&post=4293"},{"taxonomy":"post_tag","embeddable":true,"href":"https:\/\/ostrowskatv.pl\/index.php?rest_route=%2Fwp%2Fv2%2Ftags&post=4293"}],"curies":[{"name":"wp","href":"https:\/\/api.w.org\/{rel}","templated":true}]}}