{"id":428,"date":"2016-02-23T16:26:30","date_gmt":"2016-02-23T15:26:30","guid":{"rendered":"http:\/\/ostrowska.tv\/?p=428"},"modified":"2016-02-23T16:26:30","modified_gmt":"2016-02-23T15:26:30","slug":"koniec-z-alkoholem-przy-wiosny-ludow","status":"publish","type":"post","link":"https:\/\/ostrowskatv.pl\/?p=428","title":{"rendered":"Koniec z alkoholem przy Wiosny Lud\u00f3w?"},"content":{"rendered":"<p><strong>Jak ju\u017c wcze\u015bniej informowali\u015bmy, radny \u0141ukasz J\u0119drzejak zwr\u00f3ci\u0142 w\u0142adzom miasta, \u017ce przy Wiosny Lud\u00f3w dochodzi do regularnego zak\u0142\u00f3cania porz\u0105dku. Ma to by\u0107 spowodowane obecno\u015bci\u0105 sklepu nocnego, w kt\u00f3rym sprzedawany jest alkohol.<\/strong><\/p>\n<p>Co w tej sprawie mo\u017ce zrobi\u0107 miasto? Tego typu kwestiami na co dzie\u0144 zajmuje si\u0119 Wydzia\u0142 Spraw Obywatelskich. Jak si\u0119 okazuje, ten mo\u017ce wszcz\u0105\u0107 procedur\u0119 cofni\u0119cia zezwole\u0144 na sprzeda\u017c detaliczn\u0105 napoj\u00f3w alkoholowych. &#8211; Dzieje si\u0119 tak zazwyczaj po z\u0142o\u017ceniu tego typu wniosku np. przez Policj\u0119, Stra\u017c Miejsk\u0105 lub mieszka\u0144c\u00f3w rejonu, w kt\u00f3rym znajduje si\u0119 przedmiotowy punkt. W przypadku sklepu na ul. Wiosny Lud\u00f3w wniosek taki nie zosta\u0142 w ostatnim czasie z\u0142o\u017cony. Jeden z mieszka\u0144c\u00f3w zg\u0142asza\u0142 na pocz\u0105tku m-ca sierpnia 2015 r. problem z nocnymi ha\u0142asami przy ulicy Wiosny Lud\u00f3w i \u0142\u0105czy\u0142 je w\u0142a\u015bnie ze sprzeda\u017c\u0105 tam alkoholu. Wszcz\u0119te wtedy post\u0119powanie administracyjne i zebrany materia\u0142 dowodowy otrzymany od Policji i Stra\u017cy Miejskiej nie da\u0142y podstaw do cofni\u0119cia zezwole\u0144 \u2013 m\u00f3wi w rozmowie z nasz\u0105 redakcj\u0105 <strong>Artur Ko\u0142aci\u0144ski<\/strong> z UM w Ostrowie Wielkopolskim.<\/p>\n<p>Miasto tematu nie zamierza jednak zamiata\u0107 pod dywan, tym bardziej, \u017ce podczas ostatniej Sesji Rady Miejskiej problem po raz kolejny podni\u00f3s\u0142 radny <strong>\u0141ukasz J\u0119drzejak.<\/strong> &#8211; Urz\u0105d Miejski w Ostrowie Wielkopolskim zwr\u00f3ci si\u0119 zatem do Komendy Powiatowej Policji oraz do Stra\u017cy Miejskiej z pro\u015bb\u0105 o materia\u0142y zwi\u0105zane z ostatnimi interwencjami przy ulicy Wiosny Lud\u00f3w.\u00a0 Wydzia\u0142 Spraw Obywatelskich mo\u017ce te\u017c wezwa\u0107 \u015bwiadk\u00f3w, kt\u00f3rzy formalnie potwierdz\u0105 o zaistnia\u0142ych zdarzeniach. B\u0119dzie to przedmiotem wyja\u015bniania administracyjnego \u2013 wyja\u015bnia <strong>Artur Ko\u0142aci\u0144ski.<\/strong><\/p>\n<p>Warto jednak pami\u0119ta\u0107, \u017ce zezwolenie na detaliczn\u0105 sprzeda\u017c alkoholu mo\u017ce zosta\u0107 cofni\u0119te tylko w \u015bci\u015ble okre\u015blonych przypadkach. Reguluje to ustawa przeciwalkoholowa. Wydanie odpowiedniej decyzji jest mo\u017cliwe, <strong>je\u015bli w okresie w okresie 6 miesi\u0119cy co najmniej dwukrotnie, w miejscu sprzeda\u017cy lub najbli\u017cszej okolicy, dojdzie do zak\u0142\u00f3cania porz\u0105dku publicznego w zwi\u0105zku ze sprzeda\u017c\u0105 napoj\u00f3w alkoholowych przez dany punkt sprzeda\u017cy i gdy prowadz\u0105cy ten punkt nie powiadamia organ\u00f3w powo\u0142anych do ochrony porz\u0105dku publicznego.<\/strong> Istotne znaczenie ma w tym wypadku to, aby zak\u0142\u00f3canie porz\u0105dku w najbli\u017cszej okolicy punktu sprzeda\u017cy mia\u0142o \u015bcis\u0142y zwi\u0105zek ze sprzeda\u017c\u0105 alkoholu przez dany punkt. Nale\u017cy r\u00f3wnie\u017c ponad wszelk\u0105 w\u0105tpliwo\u015b\u0107 udowodni\u0107, \u017ce istnieje zwi\u0105zek przyczynowo \u2013 skutkowy &#8211; czy zakup alkoholu w rzeczonym sklepie powodowa\u0142 niebezpieczne sytuacje.<\/p>\n<p>Ca\u0142ej sprawie b\u0119dziemy si\u0119 uwa\u017cnie przygl\u0105da\u0107. Zach\u0119camy te\u017c do dyskusji w komentarzach. <strong>Czy nale<\/strong><strong>\u017cy sko<\/strong><strong>\u0144czy<\/strong><strong>\u0107 ze sprzeda<\/strong><strong>\u017c\u0105 alkoholu w sklepie nocnym przy Wiosny Lud<\/strong><strong>\u00f3w?<\/strong><\/p>\n","protected":false},"excerpt":{"rendered":"Jak ju\u017c wcze\u015bniej informowali\u015bmy, radny \u0141ukasz J\u0119drzejak zwr\u00f3ci\u0142 w\u0142adzom miasta, \u017ce przy Wiosny Lud\u00f3w dochodzi do regularnego zak\u0142\u00f3cania porz\u0105dku. Ma to by\u0107 spowodowane \n<a class=\"moretag\" href=\"https:\/\/ostrowskatv.pl\/?p=428\"> [...]<\/a>","protected":false},"author":1,"featured_media":304,"comment_status":"open","ping_status":"open","sticky":false,"template":"","format":"standard","meta":{"footnotes":""},"categories":[1],"tags":[4],"class_list":["post-428","post","type-post","status-publish","format-standard","has-post-thumbnail","hentry","category-news","tag-alkohol"],"_links":{"self":[{"href":"https:\/\/ostrowskatv.pl\/index.php?rest_route=\/wp\/v2\/posts\/428","targetHints":{"allow":["GET"]}}],"collection":[{"href":"https:\/\/ostrowskatv.pl\/index.php?rest_route=\/wp\/v2\/posts"}],"about":[{"href":"https:\/\/ostrowskatv.pl\/index.php?rest_route=\/wp\/v2\/types\/post"}],"author":[{"embeddable":true,"href":"https:\/\/ostrowskatv.pl\/index.php?rest_route=\/wp\/v2\/users\/1"}],"replies":[{"embeddable":true,"href":"https:\/\/ostrowskatv.pl\/index.php?rest_route=%2Fwp%2Fv2%2Fcomments&post=428"}],"version-history":[{"count":0,"href":"https:\/\/ostrowskatv.pl\/index.php?rest_route=\/wp\/v2\/posts\/428\/revisions"}],"wp:featuredmedia":[{"embeddable":true,"href":"https:\/\/ostrowskatv.pl\/index.php?rest_route=\/wp\/v2\/media\/304"}],"wp:attachment":[{"href":"https:\/\/ostrowskatv.pl\/index.php?rest_route=%2Fwp%2Fv2%2Fmedia&parent=428"}],"wp:term":[{"taxonomy":"category","embeddable":true,"href":"https:\/\/ostrowskatv.pl\/index.php?rest_route=%2Fwp%2Fv2%2Fcategories&post=428"},{"taxonomy":"post_tag","embeddable":true,"href":"https:\/\/ostrowskatv.pl\/index.php?rest_route=%2Fwp%2Fv2%2Ftags&post=428"}],"curies":[{"name":"wp","href":"https:\/\/api.w.org\/{rel}","templated":true}]}}