{"id":4279,"date":"2017-07-12T15:09:06","date_gmt":"2017-07-12T14:09:06","guid":{"rendered":"http:\/\/ostrowska.tv\/?p=4279"},"modified":"2017-07-12T15:17:12","modified_gmt":"2017-07-12T14:17:12","slug":"obwodnica-ostrowa-wlkp-otwarta","status":"publish","type":"post","link":"https:\/\/ostrowskatv.pl\/?p=4279","title":{"rendered":"Obwodnica Ostrowa Wlkp. OTWARTA"},"content":{"rendered":"<p><strong>Jedna z wa\u017cniejszych inwestycji drogowych Ostrowa Wlkp. dobieg\u0142a ko\u0144ca. W \u015brod\u0119 12 lipca otwarto II odcinek obwodnicy Ostrowa Wlkp. Dzi\u0119ki niej ilo\u015b\u0107 ruchu tranzytowego ulegnie znacz\u0105cemu zmniejszeniu. Poprawie powinno ulec bezpiecze\u0144stwo w ruchu drogowym.\u00a0<\/strong><\/p>\n<p>Sukces mia\u0142 wielu ojc\u00f3w i matek. A\u017c 16 os\u00f3b przecina\u0142o symboliczn\u0105 wst\u0119g\u0119. W\u015br\u00f3d nich znani politycy: Andrzej Dera, Beata Klimek, Jaros\u0142aw Urbaniak, Pawe\u0142 Rajski. Uroczysto\u015b\u0107 rozpocz\u0119\u0142a si\u0119 od przejazdu nowym odcinkiem obwodnicy. Nast\u0119pnie zaproszeni go\u015bcie zabrali g\u0142os. Na ko\u0144cu by\u0142 pocz\u0119stunek.<\/p>\n<div id='gallery-1' class='gallery galleryid-4279 gallery-columns-3 gallery-size-thumbnail'><figure class='gallery-item'>\n\t\t\t<div class='gallery-icon landscape'>\n\t\t\t\t<a href='https:\/\/ostrowskatv.pl\/?attachment_id=4285'><img loading=\"lazy\" decoding=\"async\" width=\"150\" height=\"150\" src=\"https:\/\/ostrowskatv.pl\/wp-content\/uploads\/2017\/07\/20170712_112715-150x150.jpg\" class=\"attachment-thumbnail size-thumbnail\" alt=\"\" \/><\/a>\n\t\t\t<\/div><\/figure><figure class='gallery-item'>\n\t\t\t<div class='gallery-icon landscape'>\n\t\t\t\t<a href='https:\/\/ostrowskatv.pl\/?attachment_id=4284'><img loading=\"lazy\" decoding=\"async\" width=\"150\" height=\"150\" src=\"https:\/\/ostrowskatv.pl\/wp-content\/uploads\/2017\/07\/20170712_112718-150x150.jpg\" class=\"attachment-thumbnail size-thumbnail\" alt=\"\" \/><\/a>\n\t\t\t<\/div><\/figure><figure class='gallery-item'>\n\t\t\t<div class='gallery-icon landscape'>\n\t\t\t\t<a href='https:\/\/ostrowskatv.pl\/?attachment_id=4283'><img loading=\"lazy\" decoding=\"async\" width=\"150\" height=\"150\" src=\"https:\/\/ostrowskatv.pl\/wp-content\/uploads\/2017\/07\/20170712_120248-150x150.jpg\" class=\"attachment-thumbnail size-thumbnail\" alt=\"\" \/><\/a>\n\t\t\t<\/div><\/figure><figure class='gallery-item'>\n\t\t\t<div class='gallery-icon landscape'>\n\t\t\t\t<a href='https:\/\/ostrowskatv.pl\/?attachment_id=4282'><img loading=\"lazy\" decoding=\"async\" width=\"150\" height=\"150\" src=\"https:\/\/ostrowskatv.pl\/wp-content\/uploads\/2017\/07\/20170712_121801-150x150.jpg\" class=\"attachment-thumbnail size-thumbnail\" alt=\"\" \/><\/a>\n\t\t\t<\/div><\/figure>\n\t\t<\/div>\n\n<p>Cz\u0119sto podkre\u015bla si\u0119, \u017ce krajowa 11-tka ma by\u0107\/jest po\u0142\u0105czeniem \u015al\u0105ska z polskim morzem. Patrz\u0105c jednak na podpowiedzi Maps google trudno nie dostrzec fa\u0142szywo\u015bci tego twierdzenia. Jad\u0105c z Katowic do Ko\u0142obrzegu najpopularniejsza nawigacja proponuje nam szybk\u0105 tras\u0119 autostradow\u0105 przez Wroc\u0142aw\/Zielon\u0105 G\u00f3r\u0119\/Gorz\u00f3w Wielkopolski\/Szczecin. Czas przejazdu to 7 godzin i 9 minut &#8211; 679 kilometr\u00f3w.<\/p>\n<div id='gallery-2' class='gallery galleryid-4279 gallery-columns-3 gallery-size-thumbnail'><figure class='gallery-item'>\n\t\t\t<div class='gallery-icon landscape'>\n\t\t\t\t<a href='https:\/\/ostrowskatv.pl\/?attachment_id=4280'><img loading=\"lazy\" decoding=\"async\" width=\"150\" height=\"150\" src=\"https:\/\/ostrowskatv.pl\/wp-content\/uploads\/2017\/07\/mapa-katowice-2-150x150.jpg\" class=\"attachment-thumbnail size-thumbnail\" alt=\"\" \/><\/a>\n\t\t\t<\/div><\/figure>\n\t\t<\/div>\n\n<p>Alternatywnie mo\u017cna jecha\u0107 A1 Cz\u0119stochowa\/\u0141\u00f3d\u017a\/W\u0142oc\u0142awek &#8211; 7 godzin 27 minut &#8211; 659 kilometr\u00f3w (20 mniej ni\u017c pierwsza propozycja). Nawigacja nawet nie sugeruje jazdy star\u0105 jedenastk\u0105. Gdy si\u0119 jednak ustawi r\u0119cznie Ostr\u00f3w Wlkp. jako punkt po\u015bredni trasy. trasa skraca si\u0119 o 70\/50 kilometr\u00f3w, ale za to czas przejazdu wyd\u0142u\u017ca si\u0119 o p\u00f3\u0142torej godziny. W dobie szybkich aut, wielu kierowc\u00f3w woli szybciej dojecha\u0107 ni\u017c traci\u0107 czas na zakorkowanych trasach. Jeszcze nie wiadomo o ile skr\u00f3ci si\u0119 czas przejazdu po wybudowaniu obwodnic Ostrowa Wlkp. i Jarocina.<\/p>\n<div id='gallery-3' class='gallery galleryid-4279 gallery-columns-3 gallery-size-thumbnail'><figure class='gallery-item'>\n\t\t\t<div class='gallery-icon landscape'>\n\t\t\t\t<a href='https:\/\/ostrowskatv.pl\/?attachment_id=4281'><img loading=\"lazy\" decoding=\"async\" width=\"150\" height=\"150\" src=\"https:\/\/ostrowskatv.pl\/wp-content\/uploads\/2017\/07\/mapa-katowice--150x150.jpg\" class=\"attachment-thumbnail size-thumbnail\" alt=\"\" \/><\/a>\n\t\t\t<\/div><\/figure>\n\t\t<\/div>\n\n<p>Obwodnica budowana by\u0142a w dw\u00f3ch etapach. W 2009 r. uko\u0144czony zosta\u0142 pierwszy, 6,2-kilometrowy etap budowy. Na rozpocz\u0119cie II etapu mieszka\u0144cy czekali 5 lat.\u00a0Budowa obwodnicy Ostrowa Wielkopolskiego to jedna z dziewi\u0119ciu du\u017cych inwestycji drogowych realizowanych obecnie w Wielkopolsce przez Generaln\u0105 Dyrekcj\u0119 Dr\u00f3g Krajowych i Autostrad przy udziale \u015brodk\u00f3w Unii Europejskiej. Realizacja rozpocz\u0119\u0142a si\u0119 pod koniec roku 2014. Koszt rob\u00f3t wynikaj\u0105cy z przetargu to prawie 285 mln z\u0142.<\/p>\n<p>Uroczysto\u015b\u0107 otwarcia u\u015bwietni\u0142a obecno\u015b\u0107 s\u0142ynnej trumny, kt\u00f3ra 13 razy je\u017adzi\u0142a przy okazji protest\u00f3w mieszka\u0144c\u00f3w domagaj\u0105cych si\u0119 ostatecznej decyzji dotycz\u0105cej budowy tego odcinka drogi. Dzi\u015b przebrana w radosne barwy zmieni\u0142a napis i \u017cegna\u0142a TIRY, korki i smog \ud83d\ude42<\/p>\n<div id='gallery-4' class='gallery galleryid-4279 gallery-columns-3 gallery-size-thumbnail'><figure class='gallery-item'>\n\t\t\t<div class='gallery-icon landscape'>\n\t\t\t\t<a href='https:\/\/ostrowskatv.pl\/?attachment_id=4288'><img loading=\"lazy\" decoding=\"async\" width=\"150\" height=\"150\" src=\"https:\/\/ostrowskatv.pl\/wp-content\/uploads\/2017\/07\/20170712_104507-150x150.jpg\" class=\"attachment-thumbnail size-thumbnail\" alt=\"\" \/><\/a>\n\t\t\t<\/div><\/figure><figure class='gallery-item'>\n\t\t\t<div class='gallery-icon landscape'>\n\t\t\t\t<a href='https:\/\/ostrowskatv.pl\/?attachment_id=4287'><img loading=\"lazy\" decoding=\"async\" width=\"150\" height=\"150\" src=\"https:\/\/ostrowskatv.pl\/wp-content\/uploads\/2017\/07\/20170712_104605-150x150.jpg\" class=\"attachment-thumbnail size-thumbnail\" alt=\"\" \/><\/a>\n\t\t\t<\/div><\/figure><figure class='gallery-item'>\n\t\t\t<div class='gallery-icon landscape'>\n\t\t\t\t<a href='https:\/\/ostrowskatv.pl\/?attachment_id=4286'><img loading=\"lazy\" decoding=\"async\" width=\"150\" height=\"150\" src=\"https:\/\/ostrowskatv.pl\/wp-content\/uploads\/2017\/07\/20170712_105251-150x150.jpg\" class=\"attachment-thumbnail size-thumbnail\" alt=\"\" \/><\/a>\n\t\t\t<\/div><\/figure>\n\t\t<\/div>\n\n<p>&nbsp;<\/p>\n","protected":false},"excerpt":{"rendered":"Jedna z wa\u017cniejszych inwestycji drogowych Ostrowa Wlkp. dobieg\u0142a ko\u0144ca. W \u015brod\u0119 12 lipca otwarto II odcinek obwodnicy Ostrowa Wlkp. Dzi\u0119ki niej ilo\u015b\u0107 ruchu \n<a class=\"moretag\" href=\"https:\/\/ostrowskatv.pl\/?p=4279\"> [...]<\/a>","protected":false},"author":1,"featured_media":4288,"comment_status":"open","ping_status":"open","sticky":false,"template":"","format":"standard","meta":{"footnotes":""},"categories":[1],"tags":[2],"class_list":["post-4279","post","type-post","status-publish","format-standard","has-post-thumbnail","hentry","category-news","tag-ostrow-wielkopolski"],"_links":{"self":[{"href":"https:\/\/ostrowskatv.pl\/index.php?rest_route=\/wp\/v2\/posts\/4279","targetHints":{"allow":["GET"]}}],"collection":[{"href":"https:\/\/ostrowskatv.pl\/index.php?rest_route=\/wp\/v2\/posts"}],"about":[{"href":"https:\/\/ostrowskatv.pl\/index.php?rest_route=\/wp\/v2\/types\/post"}],"author":[{"embeddable":true,"href":"https:\/\/ostrowskatv.pl\/index.php?rest_route=\/wp\/v2\/users\/1"}],"replies":[{"embeddable":true,"href":"https:\/\/ostrowskatv.pl\/index.php?rest_route=%2Fwp%2Fv2%2Fcomments&post=4279"}],"version-history":[{"count":0,"href":"https:\/\/ostrowskatv.pl\/index.php?rest_route=\/wp\/v2\/posts\/4279\/revisions"}],"wp:featuredmedia":[{"embeddable":true,"href":"https:\/\/ostrowskatv.pl\/index.php?rest_route=\/wp\/v2\/media\/4288"}],"wp:attachment":[{"href":"https:\/\/ostrowskatv.pl\/index.php?rest_route=%2Fwp%2Fv2%2Fmedia&parent=4279"}],"wp:term":[{"taxonomy":"category","embeddable":true,"href":"https:\/\/ostrowskatv.pl\/index.php?rest_route=%2Fwp%2Fv2%2Fcategories&post=4279"},{"taxonomy":"post_tag","embeddable":true,"href":"https:\/\/ostrowskatv.pl\/index.php?rest_route=%2Fwp%2Fv2%2Ftags&post=4279"}],"curies":[{"name":"wp","href":"https:\/\/api.w.org\/{rel}","templated":true}]}}