{"id":4272,"date":"2017-07-11T18:42:49","date_gmt":"2017-07-11T17:42:49","guid":{"rendered":"http:\/\/ostrowska.tv\/?p=4272"},"modified":"2017-07-11T18:42:49","modified_gmt":"2017-07-11T17:42:49","slug":"wypadek-wroclawska-armii-krajowej","status":"publish","type":"post","link":"https:\/\/ostrowskatv.pl\/?p=4272","title":{"rendered":"Wypadek Wroc\u0142awska &#8211; Armii Krajowej"},"content":{"rendered":"<p><strong>Do wypadku z udzia\u0142em samochodu ci\u0119\u017carowego z osob\u00f3wk\u0105 dosz\u0142o we wtorek po godzinie 17:30. Dwie osoby dozna\u0142y do\u015b\u0107 powa\u017cnych obra\u017ce\u0144 cia\u0142a. Dwie ranne kobiety przeniesiono na noszach do karetki. Stra\u017cacy pomagali w wydobywaniu os\u00f3b poszkodowanych\u00a0z samochodu marki Rover.<\/strong><\/p>\n<p>Jak si\u0119 okaza\u0142o, kierowca osob\u00f3wki Rover wyjecha\u0142 na czerwonym \u015bwietle wprost pod samoch\u00f3d ci\u0119\u017carowy marki Mercedes. Ruch ulic\u0105 Wroc\u0142awsk\u0105 odbywa\u0142 si\u0119 wahad\u0142owo.<\/p>\n<div id='gallery-1' class='gallery galleryid-4272 gallery-columns-3 gallery-size-thumbnail'><figure class='gallery-item'>\n\t\t\t<div class='gallery-icon landscape'>\n\t\t\t\t<a href='https:\/\/ostrowskatv.pl\/?attachment_id=4273'><img loading=\"lazy\" decoding=\"async\" width=\"150\" height=\"150\" src=\"https:\/\/ostrowskatv.pl\/wp-content\/uploads\/2017\/07\/20170711_174652-150x150.jpg\" class=\"attachment-thumbnail size-thumbnail\" alt=\"\" \/><\/a>\n\t\t\t<\/div><\/figure><figure class='gallery-item'>\n\t\t\t<div class='gallery-icon landscape'>\n\t\t\t\t<a href='https:\/\/ostrowskatv.pl\/?attachment_id=4274'><img loading=\"lazy\" decoding=\"async\" width=\"150\" height=\"150\" src=\"https:\/\/ostrowskatv.pl\/wp-content\/uploads\/2017\/07\/20170711_174542-150x150.jpg\" class=\"attachment-thumbnail size-thumbnail\" alt=\"\" \/><\/a>\n\t\t\t<\/div><\/figure><figure class='gallery-item'>\n\t\t\t<div class='gallery-icon landscape'>\n\t\t\t\t<a href='https:\/\/ostrowskatv.pl\/?attachment_id=4275'><img loading=\"lazy\" decoding=\"async\" width=\"150\" height=\"150\" src=\"https:\/\/ostrowskatv.pl\/wp-content\/uploads\/2017\/07\/20170711_174419-150x150.jpg\" class=\"attachment-thumbnail size-thumbnail\" alt=\"\" \/><\/a>\n\t\t\t<\/div><\/figure><figure class='gallery-item'>\n\t\t\t<div class='gallery-icon landscape'>\n\t\t\t\t<a href='https:\/\/ostrowskatv.pl\/?attachment_id=4276'><img loading=\"lazy\" decoding=\"async\" width=\"150\" height=\"150\" src=\"https:\/\/ostrowskatv.pl\/wp-content\/uploads\/2017\/07\/20170711_174358-150x150.jpg\" class=\"attachment-thumbnail size-thumbnail\" alt=\"\" \/><\/a>\n\t\t\t<\/div><\/figure><figure class='gallery-item'>\n\t\t\t<div class='gallery-icon landscape'>\n\t\t\t\t<a href='https:\/\/ostrowskatv.pl\/?attachment_id=4277'><img loading=\"lazy\" decoding=\"async\" width=\"150\" height=\"150\" src=\"https:\/\/ostrowskatv.pl\/wp-content\/uploads\/2017\/07\/20170711_174348-150x150.jpg\" class=\"attachment-thumbnail size-thumbnail\" alt=\"\" \/><\/a>\n\t\t\t<\/div><\/figure>\n\t\t<\/div>\n\n<p>&nbsp;<\/p>\n<p>Bilczewska 4, Sieroszewice.<\/p>\n","protected":false},"excerpt":{"rendered":"Do wypadku z udzia\u0142em samochodu ci\u0119\u017carowego z osob\u00f3wk\u0105 dosz\u0142o we wtorek po godzinie 17:30. Dwie osoby dozna\u0142y do\u015b\u0107 powa\u017cnych obra\u017ce\u0144 cia\u0142a. Dwie ranne \n<a class=\"moretag\" href=\"https:\/\/ostrowskatv.pl\/?p=4272\"> [...]<\/a>","protected":false},"author":1,"featured_media":4276,"comment_status":"open","ping_status":"open","sticky":false,"template":"","format":"standard","meta":{"footnotes":""},"categories":[1],"tags":[2],"class_list":["post-4272","post","type-post","status-publish","format-standard","has-post-thumbnail","hentry","category-news","tag-ostrow-wielkopolski"],"_links":{"self":[{"href":"https:\/\/ostrowskatv.pl\/index.php?rest_route=\/wp\/v2\/posts\/4272","targetHints":{"allow":["GET"]}}],"collection":[{"href":"https:\/\/ostrowskatv.pl\/index.php?rest_route=\/wp\/v2\/posts"}],"about":[{"href":"https:\/\/ostrowskatv.pl\/index.php?rest_route=\/wp\/v2\/types\/post"}],"author":[{"embeddable":true,"href":"https:\/\/ostrowskatv.pl\/index.php?rest_route=\/wp\/v2\/users\/1"}],"replies":[{"embeddable":true,"href":"https:\/\/ostrowskatv.pl\/index.php?rest_route=%2Fwp%2Fv2%2Fcomments&post=4272"}],"version-history":[{"count":0,"href":"https:\/\/ostrowskatv.pl\/index.php?rest_route=\/wp\/v2\/posts\/4272\/revisions"}],"wp:featuredmedia":[{"embeddable":true,"href":"https:\/\/ostrowskatv.pl\/index.php?rest_route=\/wp\/v2\/media\/4276"}],"wp:attachment":[{"href":"https:\/\/ostrowskatv.pl\/index.php?rest_route=%2Fwp%2Fv2%2Fmedia&parent=4272"}],"wp:term":[{"taxonomy":"category","embeddable":true,"href":"https:\/\/ostrowskatv.pl\/index.php?rest_route=%2Fwp%2Fv2%2Fcategories&post=4272"},{"taxonomy":"post_tag","embeddable":true,"href":"https:\/\/ostrowskatv.pl\/index.php?rest_route=%2Fwp%2Fv2%2Ftags&post=4272"}],"curies":[{"name":"wp","href":"https:\/\/api.w.org\/{rel}","templated":true}]}}