{"id":4253,"date":"2017-07-10T10:54:38","date_gmt":"2017-07-10T09:54:38","guid":{"rendered":"http:\/\/ostrowska.tv\/?p=4253"},"modified":"2017-07-10T13:39:58","modified_gmt":"2017-07-10T12:39:58","slug":"wypadek-w-michalkowie-paramotolotniarz-ranny-nie-zadysponowano-smiglowca","status":"publish","type":"post","link":"https:\/\/ostrowskatv.pl\/?p=4253","title":{"rendered":"Wypadek w Micha\u0142kowie. Paramotolotniarz ranny. Nie zadysponowano \u015bmig\u0142owca"},"content":{"rendered":"<p><strong>W niedziel\u0119 na lotnisku w Micha\u0142kowie dosz\u0142o do wypadku z udzia\u0142em pilota paramotolotni. 66-letni m\u0119\u017cczyzna przed starem podszed\u0142 do swojej paramotolotni w obszar pracy silnika ze \u015bmig\u0142em. W wyniku nieszcz\u0119\u015bliwego wypadku \u015bmig\u0142o uderzy\u0142o w jego bark dokonuj\u0105c mocnej rany szarpanej. \u015awiadkowie wezwali pogotowie. Dyspozytornia mieszcz\u0105ca si\u0119 w Kaliszu zamiast zadysponowa\u0107 ekip\u0119 ze \u015bmig\u0142owcem ratunkowym stacjonuj\u0105cym 500 metr\u00f3w dalej, wezwa\u0142a karetk\u0119 pogotowia z ostrowskiego szpitala. Ratownicy medyczni musieli pokona\u0107 6,5 kilometrow\u0105 w\u0105sk\u0105 drog\u0119.<\/strong><\/p>\n<p>66-letni m\u0119\u017cczyzna mia\u0142 nalatane oko\u0142o 800 godzin. Feralnego dnia postanowi\u0142 sprawdzi\u0107 ci\u0105g motolotni przed startem. Jednak zerwa\u0142a si\u0119 linka i motolotnia uderzaj\u0105c w pilota, przewr\u00f3ci\u0142a go i spowodowa\u0142a powa\u017cnych obra\u017ce\u0144 cia\u0142a. Poszkodowanego m\u0119\u017cczyzn\u0119 zabrano do szpitala, gdzie trafi\u0142 na blok operacyjny. Nast\u0119pnie zosta\u0142 przewieziony na oddzia\u0142 ortopedyczny.<\/p>\n<p>&#8211; Wszystko odby\u0142o si\u0119 zgodnie z procedur\u0105. \u015amig\u0142owiec wysy\u0142any jest na miejsce zdarzenia kiedy jest trudny dost\u0119p, stan jest powa\u017cny i nie ma karetek, kt\u00f3re mog\u0142yby szybciej dotrze\u0107. W tej sytuacji gdyby wykorzystano \u015bmig\u0142owiec LPR, mog\u0142oby to trwa\u0107 d\u0142u\u017cej, ni\u017c gdyby zadysponowano tylko karetk\u0119. I cho\u0107 odleg\u0142o\u015b\u0107 nie by\u0142a zbyt du\u017ca, bo jakie\u015b 300 metr\u00f3w, medycy z LPR musieliby dwukrotnie dokona\u0107 procedury startu i l\u0105dowania. Dotrze\u0107 z bazy LPR do poszkodowanego, a nast\u0119pnie przetransportowa\u0107 go do szpitala. Naszym zdaniem \u015bmig\u0142owiec musi by\u0107 dost\u0119pny do powa\u017cnych zdarze\u0144, bo p\u00f3\u017aniej jest dyskusja dlaczego \u015bmig\u0142owiec LPR nie by\u0142 dost\u0119pny na potrzeby obs\u0142ugi skutk\u00f3w wypadku np. na drodze S8. &#8211; wyja\u015bnia\u0142 Pawe\u0142 Gawro\u0144ski, rzecznik kaliskiego szpitala, kt\u00f3re zarz\u0105dza dyspozytorni\u0105 medyczn\u0105.<\/p>\n<p>Odmiennego zdania jest Wojciech Kornaszewski, kt\u00f3ry tego dnia pe\u0142ni\u0142 dy\u017cur na karetce w ostrowskim szpitalu. To w\u0142a\u015bnie on zosta\u0142 tego dnia zadysponowany na wypadku na lotnisku w Micha\u0142kowie. &#8211; Karetka otrzyma\u0142a wezwanie w kodzie 1., czyli dyspozytor medyczny oceni\u0142 stan pacjenta jako powa\u017cny i zagra\u017caj\u0105cy jego \u017cyciu. Na miejscu zastali\u015bmy uraz r\u0119ki i ramienia z up\u0142ywem krwi oko\u0142o 500 ml, pomimo zastosowanych opatrunk\u00f3w przez \u015bwiadk\u00f3w zdarzenia. By\u0142a to du\u017ca p\u0142atowa rana z ubytkiem sk\u00f3rno-mi\u0119\u015bniowym. Nie mog\u0119 zrozumie\u0107 dlaczego nie zadysponowano \u015bmig\u0142owca lub nie poproszono stacjonuj\u0105cych tam medyk\u00f3w o pomoc. Byli przecie\u017c w zasi\u0119gu wzroku. Jest mo\u017cliwo\u015b\u0107 by udzielili bezpo\u015bredniej pomocy w takim nag\u0142ym wypadku nie startuj\u0105c \u015bmig\u0142owcem. My jako ratownicy stacjonuj\u0105cy r\u00f3wnie\u017c na podstacjach, udzielamy dora\u017anej pomocy wszystkim potrzebuj\u0105cym.<\/p>\n<p>To kolejna kontrowersyjna sytuacja z udzia\u0142em dyspozytorni medycznej w Kaliszu. Kilka tygodni temu zmar\u0142 m\u0119\u017cczyzna po tym gdy dyspozytor przyjmuj\u0105cy zg\u0142oszenie wda\u0142 si\u0119 w pysk\u00f3wk\u0119 ze zg\u0142aszaj\u0105cym, a tak\u017ce poinformowa\u0142 o wys\u0142aniu policji, a nie karetki pogotowia do umieraj\u0105cego cz\u0142owieka. Jednak najbardziej skandalicznym by\u0142y s\u0142owa dyspozytora: &#8222;No to umrze&#8221;.<\/p>\n","protected":false},"excerpt":{"rendered":"W niedziel\u0119 na lotnisku w Micha\u0142kowie dosz\u0142o do wypadku z udzia\u0142em pilota paramotolotni. 66-letni m\u0119\u017cczyzna przed starem podszed\u0142 do swojej paramotolotni w obszar \n<a class=\"moretag\" href=\"https:\/\/ostrowskatv.pl\/?p=4253\"> [...]<\/a>","protected":false},"author":1,"featured_media":4254,"comment_status":"open","ping_status":"open","sticky":false,"template":"","format":"standard","meta":{"footnotes":""},"categories":[1],"tags":[102],"class_list":["post-4253","post","type-post","status-publish","format-standard","has-post-thumbnail","hentry","category-news","tag-michalkow"],"_links":{"self":[{"href":"https:\/\/ostrowskatv.pl\/index.php?rest_route=\/wp\/v2\/posts\/4253","targetHints":{"allow":["GET"]}}],"collection":[{"href":"https:\/\/ostrowskatv.pl\/index.php?rest_route=\/wp\/v2\/posts"}],"about":[{"href":"https:\/\/ostrowskatv.pl\/index.php?rest_route=\/wp\/v2\/types\/post"}],"author":[{"embeddable":true,"href":"https:\/\/ostrowskatv.pl\/index.php?rest_route=\/wp\/v2\/users\/1"}],"replies":[{"embeddable":true,"href":"https:\/\/ostrowskatv.pl\/index.php?rest_route=%2Fwp%2Fv2%2Fcomments&post=4253"}],"version-history":[{"count":0,"href":"https:\/\/ostrowskatv.pl\/index.php?rest_route=\/wp\/v2\/posts\/4253\/revisions"}],"wp:featuredmedia":[{"embeddable":true,"href":"https:\/\/ostrowskatv.pl\/index.php?rest_route=\/wp\/v2\/media\/4254"}],"wp:attachment":[{"href":"https:\/\/ostrowskatv.pl\/index.php?rest_route=%2Fwp%2Fv2%2Fmedia&parent=4253"}],"wp:term":[{"taxonomy":"category","embeddable":true,"href":"https:\/\/ostrowskatv.pl\/index.php?rest_route=%2Fwp%2Fv2%2Fcategories&post=4253"},{"taxonomy":"post_tag","embeddable":true,"href":"https:\/\/ostrowskatv.pl\/index.php?rest_route=%2Fwp%2Fv2%2Ftags&post=4253"}],"curies":[{"name":"wp","href":"https:\/\/api.w.org\/{rel}","templated":true}]}}