{"id":4250,"date":"2017-07-09T16:30:11","date_gmt":"2017-07-09T15:30:11","guid":{"rendered":"http:\/\/ostrowska.tv\/?p=4250"},"modified":"2017-07-09T16:30:11","modified_gmt":"2017-07-09T15:30:11","slug":"basen-olimpijska-nagrany-dronem","status":"publish","type":"post","link":"https:\/\/ostrowskatv.pl\/?p=4250","title":{"rendered":"Basen &#8222;Olimpijska&#8221; nagrany dronem"},"content":{"rendered":"<p><strong>Po kilku d\u0142ugich dniach braku pogody do pla\u017cingu, powr\u00f3ci\u0142a wakacyjna aura. Ostrowianie natychmiast j\u0105 wykorzystali do p\u00f3j\u015bcia na Basen Miejski &#8222;Olimpijska&#8221;. Frekwencja z ka\u017cd\u0105 godzin\u0105 zwi\u0119ksza\u0142a si\u0119. Najbardziej oblegana by\u0142a strefa dla ma\u0142ych dzieci. Nie brakowa\u0142o ch\u0119tnych do zje\u017cd\u017calni i skok\u00f3w do wody w strefie p\u0142ywackiej. By\u0142y te\u017c dwie grupy graj\u0105ce w siatk\u00f3wk\u0119 pla\u017cow\u0105.<\/strong><\/p>\n<p>Warto powi\u0119kszy\u0107 okienko z filmem na ca\u0142y ekran.<\/p>\n<p><iframe loading=\"lazy\" width=\"480\" height=\"270\" src=\"https:\/\/www.youtube.com\/embed\/Yi_2mODMgwE\" frameborder=\"0\" allowfullscreen><\/iframe><\/p>\n","protected":false},"excerpt":{"rendered":"Po kilku d\u0142ugich dniach braku pogody do pla\u017cingu, powr\u00f3ci\u0142a wakacyjna aura. Ostrowianie natychmiast j\u0105 wykorzystali do p\u00f3j\u015bcia na Basen Miejski &#8222;Olimpijska&#8221;. Frekwencja z \n<a class=\"moretag\" href=\"https:\/\/ostrowskatv.pl\/?p=4250\"> [...]<\/a>","protected":false},"author":1,"featured_media":4251,"comment_status":"open","ping_status":"open","sticky":false,"template":"","format":"standard","meta":{"footnotes":""},"categories":[1],"tags":[2],"class_list":["post-4250","post","type-post","status-publish","format-standard","has-post-thumbnail","hentry","category-news","tag-ostrow-wielkopolski"],"_links":{"self":[{"href":"https:\/\/ostrowskatv.pl\/index.php?rest_route=\/wp\/v2\/posts\/4250","targetHints":{"allow":["GET"]}}],"collection":[{"href":"https:\/\/ostrowskatv.pl\/index.php?rest_route=\/wp\/v2\/posts"}],"about":[{"href":"https:\/\/ostrowskatv.pl\/index.php?rest_route=\/wp\/v2\/types\/post"}],"author":[{"embeddable":true,"href":"https:\/\/ostrowskatv.pl\/index.php?rest_route=\/wp\/v2\/users\/1"}],"replies":[{"embeddable":true,"href":"https:\/\/ostrowskatv.pl\/index.php?rest_route=%2Fwp%2Fv2%2Fcomments&post=4250"}],"version-history":[{"count":0,"href":"https:\/\/ostrowskatv.pl\/index.php?rest_route=\/wp\/v2\/posts\/4250\/revisions"}],"wp:featuredmedia":[{"embeddable":true,"href":"https:\/\/ostrowskatv.pl\/index.php?rest_route=\/wp\/v2\/media\/4251"}],"wp:attachment":[{"href":"https:\/\/ostrowskatv.pl\/index.php?rest_route=%2Fwp%2Fv2%2Fmedia&parent=4250"}],"wp:term":[{"taxonomy":"category","embeddable":true,"href":"https:\/\/ostrowskatv.pl\/index.php?rest_route=%2Fwp%2Fv2%2Fcategories&post=4250"},{"taxonomy":"post_tag","embeddable":true,"href":"https:\/\/ostrowskatv.pl\/index.php?rest_route=%2Fwp%2Fv2%2Ftags&post=4250"}],"curies":[{"name":"wp","href":"https:\/\/api.w.org\/{rel}","templated":true}]}}