{"id":4247,"date":"2017-07-07T21:23:21","date_gmt":"2017-07-07T20:23:21","guid":{"rendered":"http:\/\/ostrowska.tv\/?p=4247"},"modified":"2017-07-07T21:23:21","modified_gmt":"2017-07-07T20:23:21","slug":"namierzono-sprawce-pozostawienia-psa-w-lesie","status":"publish","type":"post","link":"https:\/\/ostrowskatv.pl\/?p=4247","title":{"rendered":"Namierzono sprawc\u0119 pozostawienia psa w lesie"},"content":{"rendered":"<p><strong>Dzi\u0119ki nag\u0142o\u015bnieniu sprawy przez internaut\u00f3w &#8211; 6900 lajk\u00f3w, 20 tys. udost\u0119pnie\u0144, co przerodzi\u0142o si\u0119 na \u00a0ponad\u00a0<span class=\"fcg\">660 tysi\u0119cy wy\u015bwietle\u0144 postu na Facebooku prezentuj\u0105cego film ze znalezionym psem, uda\u0142o si\u0119 namierzy\u0107 sprawc\u0119 bestialskiego czynu. Na trop wpad\u0142 w\u0142a\u015bciciel o\u015brodka agroturystycznego Cicho-Sza w Nied\u017awiedziu. Rozpozna\u0142 psa, kt\u00f3rego wyda\u0142 do adopcji w kwietniu. Pod koniec czerwca pies zosta\u0142 znaleziony jako uciekinier w pobli\u017cu domu nowych w\u0142a\u015bcicieli. <\/span><\/strong><\/p>\n<p><span class=\"fcg\">W miniony wtorek odebra\u0142 go 20-kilkuletni m\u0119\u017cczyzna, dotychczas opiekuj\u0105cy si\u0119 psem. Jeszcze tego samego dnia szczekanie psa by\u0142o s\u0142yszalne w lesie, gdzie odnaleziono go dwa dni p\u00f3\u017aniej. Natrafi\u0142 na niego m\u0119\u017cczyzna zbieraj\u0105cy jagody i przy okazji fotografuj\u0105cy przyrod\u0119. W pi\u0105tek wieczorem uda\u0142o si\u0119 dotrze\u0107 do dotychczasowych w\u0142a\u015bcicieli. Ci udawali, \u017ce nie ma ich w domu. Ostatecznie ojciec 20-kilkuletniego m\u0119\u017cczyzny skontaktowa\u0142 si\u0119 z osobami pr\u00f3buj\u0105cymi rozwi\u0105za\u0107 zagadk\u0119 na w\u0142asn\u0105 r\u0119k\u0119.<\/span><\/p>\n<p>Ojciec m\u0142odego m\u0119\u017cczyzny wyja\u015bnia\u0142, \u017ce jego syn przechodzi chorob\u0119. Co\u015b musia\u0142o mu strzeli\u0107 do g\u0142owy &#8211; t\u0142umaczy\u0142. &#8211; Jestem w stanie wp\u0142aci\u0107 pieni\u0105dze na schronisko lub nawet wzi\u0105\u0107 ponownie tego psa do adopcji na w\u0142asn\u0105 odpowiedzialno\u015b\u0107 &#8211; doda\u0142. W mi\u0119dzy czasie policja zabezpieczy\u0142a szereg \u015blad\u00f3w, kt\u00f3re pomog\u0105 potwierdzi\u0107 udowodni\u0107 win\u0119 sprawcy, gdyby ten pr\u00f3bowa\u0142 w dziwny spos\u00f3b si\u0119 t\u0142umaczy\u0107. Nieoficjalnie ustalili\u015bmy, \u017ce m\u0142ody m\u0119\u017cczyzna przywi\u0105zuj\u0105c psa w lesie i zostawiaj\u0105c go na g\u0142odow\u0105 \u015bmier\u0107, chcia\u0142 ukara\u0107 go za ucieczk\u0119 z terenu posesji.<\/p>\n<p>Ojciec sprawcy prosi\u0142 by nie wysz\u0142o na jaw o kogo chodzi, poniewa\u017c obawia si\u0119, \u017ce syn m\u00f3g\u0142by pope\u0142ni\u0107 samob\u00f3jstwo. I zreszt\u0105 nie tylko on. Zaznaczy\u0142, \u017ce on jako ojciec m\u00f3g\u0142by ponownie wzi\u0105\u0107 tego psa do siebie. Nale\u017cy odpowiedzie\u0107 na pytanie jaka kara powinna spotka\u0107 sprawc\u0119 i czy jest ona warta ewentualnych \u017cy\u0107 ludzkich&#8230;<\/p>\n<div id=\"fbPhotoSnowliftFeedback\" class=\"fbPhotosSnowliftFeedback\"><\/div>\n","protected":false},"excerpt":{"rendered":"Dzi\u0119ki nag\u0142o\u015bnieniu sprawy przez internaut\u00f3w &#8211; 6900 lajk\u00f3w, 20 tys. udost\u0119pnie\u0144, co przerodzi\u0142o si\u0119 na \u00a0ponad\u00a0660 tysi\u0119cy wy\u015bwietle\u0144 postu na Facebooku prezentuj\u0105cego film \n<a class=\"moretag\" href=\"https:\/\/ostrowskatv.pl\/?p=4247\"> [...]<\/a>","protected":false},"author":1,"featured_media":4248,"comment_status":"open","ping_status":"open","sticky":false,"template":"","format":"standard","meta":{"footnotes":""},"categories":[1],"tags":[135],"class_list":["post-4247","post","type-post","status-publish","format-standard","has-post-thumbnail","hentry","category-news","tag-pies"],"_links":{"self":[{"href":"https:\/\/ostrowskatv.pl\/index.php?rest_route=\/wp\/v2\/posts\/4247","targetHints":{"allow":["GET"]}}],"collection":[{"href":"https:\/\/ostrowskatv.pl\/index.php?rest_route=\/wp\/v2\/posts"}],"about":[{"href":"https:\/\/ostrowskatv.pl\/index.php?rest_route=\/wp\/v2\/types\/post"}],"author":[{"embeddable":true,"href":"https:\/\/ostrowskatv.pl\/index.php?rest_route=\/wp\/v2\/users\/1"}],"replies":[{"embeddable":true,"href":"https:\/\/ostrowskatv.pl\/index.php?rest_route=%2Fwp%2Fv2%2Fcomments&post=4247"}],"version-history":[{"count":0,"href":"https:\/\/ostrowskatv.pl\/index.php?rest_route=\/wp\/v2\/posts\/4247\/revisions"}],"wp:featuredmedia":[{"embeddable":true,"href":"https:\/\/ostrowskatv.pl\/index.php?rest_route=\/wp\/v2\/media\/4248"}],"wp:attachment":[{"href":"https:\/\/ostrowskatv.pl\/index.php?rest_route=%2Fwp%2Fv2%2Fmedia&parent=4247"}],"wp:term":[{"taxonomy":"category","embeddable":true,"href":"https:\/\/ostrowskatv.pl\/index.php?rest_route=%2Fwp%2Fv2%2Fcategories&post=4247"},{"taxonomy":"post_tag","embeddable":true,"href":"https:\/\/ostrowskatv.pl\/index.php?rest_route=%2Fwp%2Fv2%2Ftags&post=4247"}],"curies":[{"name":"wp","href":"https:\/\/api.w.org\/{rel}","templated":true}]}}