{"id":4241,"date":"2017-07-06T23:21:01","date_gmt":"2017-07-06T22:21:01","guid":{"rendered":"http:\/\/ostrowska.tv\/?p=4241"},"modified":"2017-07-06T23:21:01","modified_gmt":"2017-07-06T22:21:01","slug":"wypadek-motolotni-nie-zyje-dwoch-mezczyzn-w-tym-1-strazak","status":"publish","type":"post","link":"https:\/\/ostrowskatv.pl\/?p=4241","title":{"rendered":"Wypadek motolotni. Nie \u017cyje dw\u00f3ch m\u0119\u017cczyzn (w tym 1 stra\u017cak)"},"content":{"rendered":"<div><strong>W czwartek oko\u0142o godziny 20:15 dosz\u0142o do wypadku motolotni ko\u0142o wsi Nied\u017awied\u017a (powiat ostrzeszowski). Dw\u00f3ch m\u0142odych m\u0119\u017cczyzn lec\u0105cych motolotni\u0105 ponios\u0142o \u015bmier\u0107 na miejscu. Ich maszyna rozbi\u0142a si\u0119 na polu przy lesie. Jedn\u0105 z ofiar jest 26-letni mieszkaniec wsi Czarnylas (powiat ostrowski) pracuj\u0105cy na co dzie\u0144 w stra\u017cy po\u017carnej w K\u0119pnie. Drug\u0105 osob\u0105 (niepotwierdzone) ma by\u0107 mieszkaniec Krotoszyna.<\/strong><\/div>\n<div><\/div>\n<div>m\u0142. asp. Magdalena Ha\u0144dziuk, pe\u0142ni\u0105ca obowi\u0105zki rzecznika prasowego policji w Ostrzeszowie &#8211; W dniu dzisiejszym oko\u0142o godziny 20:30 dy\u017curny komendy powiatowej policji w Ostrzeszowie otrzyma\u0142 informacj\u0119 o zdarzeniu z udzia\u0142em motolotni. Do zdarzenia tego dosz\u0142o w miejscowo\u015bci Nied\u017awied\u017a w powiecie ostrzeszowskim. Na miejscu obecnie trwaj\u0105 czynno\u015bci z udzia\u0142em prokuratora Prokuratury Rejonowej w Ostrzeszowie. Ze wst\u0119pnych ustale\u0144 wynika, \u017ce \u015bmier\u0107 na miejscu ponios\u0142o dw\u00f3ch m\u0119\u017cczyzn, o na chwil\u0119 obecn\u0105, nieustalonej to\u017csamo\u015bci. O zaistnia\u0142ym wypadku zosta\u0142a powiadomiona komisja ds. badania wypadk\u00f3w lotniczych w Warszawie.<\/div>\n<div><\/div>\n<div>Artur Zydorowicz, \u015bwiadek zdarzenia &#8211; Dzisiaj jad\u0105c od Antonina w kierunku Mikstatu widzia\u0142em motolotni\u0119 w kolorze srebrnym kilkukrotnie przecinaj\u0105c\u0105 drog\u0119 wojew\u00f3dzk\u0105. Lata\u0142a bardzo nisko nad wierzcho\u0142kami drzew. Po przejechaniu kilku kilometr\u00f3w kiedy zawr\u00f3ci\u0142em co\u015b zwr\u00f3ci\u0142o moj\u0105 uwag\u0119. Zobaczy\u0142em ich na otwartej przestrzeni. Chwil\u0119 potem us\u0142ysza\u0142em wycie silnika, huk i znik\u0142a mi ta motolotnia z oczu.<\/div>\n<div><\/div>\n<div>\n<div id='gallery-1' class='gallery galleryid-4241 gallery-columns-3 gallery-size-thumbnail'><figure class='gallery-item'>\n\t\t\t<div class='gallery-icon landscape'>\n\t\t\t\t<a href='https:\/\/ostrowskatv.pl\/?attachment_id=4243'><img loading=\"lazy\" decoding=\"async\" width=\"150\" height=\"150\" src=\"https:\/\/ostrowskatv.pl\/wp-content\/uploads\/2017\/07\/niedzwiedz_motolotnia4-150x150.jpg\" class=\"attachment-thumbnail size-thumbnail\" alt=\"\" aria-describedby=\"gallery-1-4243\" \/><\/a>\n\t\t\t<\/div>\n\t\t\t\t<figcaption class='wp-caption-text gallery-caption' id='gallery-1-4243'>\n\t\t\t\tDCIM100MEDIADJI_0004.JPG\n\t\t\t\t<\/figcaption><\/figure><figure class='gallery-item'>\n\t\t\t<div class='gallery-icon landscape'>\n\t\t\t\t<a href='https:\/\/ostrowskatv.pl\/?attachment_id=4244'><img loading=\"lazy\" decoding=\"async\" width=\"150\" height=\"150\" src=\"https:\/\/ostrowskatv.pl\/wp-content\/uploads\/2017\/07\/niedzwiedz_motolotnia0-150x150.jpg\" class=\"attachment-thumbnail size-thumbnail\" alt=\"\" \/><\/a>\n\t\t\t<\/div><\/figure><figure class='gallery-item'>\n\t\t\t<div class='gallery-icon landscape'>\n\t\t\t\t<a href='https:\/\/ostrowskatv.pl\/?attachment_id=4245'><img loading=\"lazy\" decoding=\"async\" width=\"150\" height=\"150\" src=\"https:\/\/ostrowskatv.pl\/wp-content\/uploads\/2017\/07\/niedzwiedz_motolotnia1-150x150.jpg\" class=\"attachment-thumbnail size-thumbnail\" alt=\"\" \/><\/a>\n\t\t\t<\/div><\/figure><figure class='gallery-item'>\n\t\t\t<div class='gallery-icon landscape'>\n\t\t\t\t<a href='https:\/\/ostrowskatv.pl\/?attachment_id=4242'><img loading=\"lazy\" decoding=\"async\" width=\"150\" height=\"150\" src=\"https:\/\/ostrowskatv.pl\/wp-content\/uploads\/2017\/07\/niedzwiedz_motolotnia3-150x150.jpg\" class=\"attachment-thumbnail size-thumbnail\" alt=\"\" aria-describedby=\"gallery-1-4242\" \/><\/a>\n\t\t\t<\/div>\n\t\t\t\t<figcaption class='wp-caption-text gallery-caption' id='gallery-1-4242'>\n\t\t\t\tDCIM100MEDIADJI_0005.JPG\n\t\t\t\t<\/figcaption><\/figure>\n\t\t<\/div>\n\n<\/div>\n","protected":false},"excerpt":{"rendered":"W czwartek oko\u0142o godziny 20:15 dosz\u0142o do wypadku motolotni ko\u0142o wsi Nied\u017awied\u017a (powiat ostrzeszowski). Dw\u00f3ch m\u0142odych m\u0119\u017cczyzn lec\u0105cych motolotni\u0105 ponios\u0142o \u015bmier\u0107 na miejscu. \n<a class=\"moretag\" href=\"https:\/\/ostrowskatv.pl\/?p=4241\"> [...]<\/a>","protected":false},"author":1,"featured_media":4243,"comment_status":"open","ping_status":"open","sticky":false,"template":"","format":"standard","meta":{"footnotes":""},"categories":[1],"tags":[134],"class_list":["post-4241","post","type-post","status-publish","format-standard","has-post-thumbnail","hentry","category-news","tag-powiat-ostrzeszowski"],"_links":{"self":[{"href":"https:\/\/ostrowskatv.pl\/index.php?rest_route=\/wp\/v2\/posts\/4241","targetHints":{"allow":["GET"]}}],"collection":[{"href":"https:\/\/ostrowskatv.pl\/index.php?rest_route=\/wp\/v2\/posts"}],"about":[{"href":"https:\/\/ostrowskatv.pl\/index.php?rest_route=\/wp\/v2\/types\/post"}],"author":[{"embeddable":true,"href":"https:\/\/ostrowskatv.pl\/index.php?rest_route=\/wp\/v2\/users\/1"}],"replies":[{"embeddable":true,"href":"https:\/\/ostrowskatv.pl\/index.php?rest_route=%2Fwp%2Fv2%2Fcomments&post=4241"}],"version-history":[{"count":0,"href":"https:\/\/ostrowskatv.pl\/index.php?rest_route=\/wp\/v2\/posts\/4241\/revisions"}],"wp:featuredmedia":[{"embeddable":true,"href":"https:\/\/ostrowskatv.pl\/index.php?rest_route=\/wp\/v2\/media\/4243"}],"wp:attachment":[{"href":"https:\/\/ostrowskatv.pl\/index.php?rest_route=%2Fwp%2Fv2%2Fmedia&parent=4241"}],"wp:term":[{"taxonomy":"category","embeddable":true,"href":"https:\/\/ostrowskatv.pl\/index.php?rest_route=%2Fwp%2Fv2%2Fcategories&post=4241"},{"taxonomy":"post_tag","embeddable":true,"href":"https:\/\/ostrowskatv.pl\/index.php?rest_route=%2Fwp%2Fv2%2Ftags&post=4241"}],"curies":[{"name":"wp","href":"https:\/\/api.w.org\/{rel}","templated":true}]}}