{"id":4236,"date":"2017-07-06T16:37:19","date_gmt":"2017-07-06T15:37:19","guid":{"rendered":"http:\/\/ostrowska.tv\/?p=4236"},"modified":"2017-07-06T16:37:19","modified_gmt":"2017-07-06T15:37:19","slug":"3-osoby-ranne-na-drodze-ostrow-raszkow","status":"publish","type":"post","link":"https:\/\/ostrowskatv.pl\/?p=4236","title":{"rendered":"3 osoby ranne na drodze Ostr\u00f3w &#8211; Raszk\u00f3w"},"content":{"rendered":"<p><strong>W czwartek o godzinie 15:00 dosz\u0142o do wypadku drogowego w Przybys\u0142awicach. Na g\u0142\u00f3wnej drodze \u0142\u0105cz\u0105cej Ostr\u00f3w Wielkopolski z Raszkowem zderzy\u0142y si\u0119 dwa samochody osobowe. Trzy osoby zosta\u0142y ranne.<\/strong><\/p>\n<p>Niebieski samoch\u00f3d wyjecha\u0142 z drogi podporz\u0105dkowanej i zderzy\u0142 si\u0119 ze Skod\u0105 wyprzedzaj\u0105c\u0105 inne auto na skrzy\u017cowaniu. W sumie trzy osoby zosta\u0142y ranne. Jedna z nich mia\u0142a z\u0142aman\u0105 nog\u0119, a dwaj inni byli w stanie \u015brednim. Przetransportowano ich na noszach do karetek, a p\u00f3\u017aniej do szpitala.<\/p>\n<div id='gallery-1' class='gallery galleryid-4236 gallery-columns-3 gallery-size-thumbnail'><figure class='gallery-item'>\n\t\t\t<div class='gallery-icon landscape'>\n\t\t\t\t<a href='https:\/\/ostrowskatv.pl\/?attachment_id=4237'><img loading=\"lazy\" decoding=\"async\" width=\"150\" height=\"150\" src=\"https:\/\/ostrowskatv.pl\/wp-content\/uploads\/2017\/07\/radlow_wypadek3-150x150.jpg\" class=\"attachment-thumbnail size-thumbnail\" alt=\"\" \/><\/a>\n\t\t\t<\/div><\/figure><figure class='gallery-item'>\n\t\t\t<div class='gallery-icon landscape'>\n\t\t\t\t<a href='https:\/\/ostrowskatv.pl\/?attachment_id=4238'><img loading=\"lazy\" decoding=\"async\" width=\"150\" height=\"150\" src=\"https:\/\/ostrowskatv.pl\/wp-content\/uploads\/2017\/07\/radlow_wypadek2-150x150.jpg\" class=\"attachment-thumbnail size-thumbnail\" alt=\"\" \/><\/a>\n\t\t\t<\/div><\/figure><figure class='gallery-item'>\n\t\t\t<div class='gallery-icon landscape'>\n\t\t\t\t<a href='https:\/\/ostrowskatv.pl\/?attachment_id=4239'><img loading=\"lazy\" decoding=\"async\" width=\"150\" height=\"150\" src=\"https:\/\/ostrowskatv.pl\/wp-content\/uploads\/2017\/07\/radlow_wypadek1-150x150.jpg\" class=\"attachment-thumbnail size-thumbnail\" alt=\"\" \/><\/a>\n\t\t\t<\/div><\/figure>\n\t\t<\/div>\n\n","protected":false},"excerpt":{"rendered":"W czwartek o godzinie 15:00 dosz\u0142o do wypadku drogowego w Przybys\u0142awicach. Na g\u0142\u00f3wnej drodze \u0142\u0105cz\u0105cej Ostr\u00f3w Wielkopolski z Raszkowem zderzy\u0142y si\u0119 dwa samochody \n<a class=\"moretag\" href=\"https:\/\/ostrowskatv.pl\/?p=4236\"> [...]<\/a>","protected":false},"author":1,"featured_media":4238,"comment_status":"open","ping_status":"open","sticky":false,"template":"","format":"standard","meta":{"footnotes":""},"categories":[1],"tags":[133],"class_list":["post-4236","post","type-post","status-publish","format-standard","has-post-thumbnail","hentry","category-news","tag-przybyslawice"],"_links":{"self":[{"href":"https:\/\/ostrowskatv.pl\/index.php?rest_route=\/wp\/v2\/posts\/4236","targetHints":{"allow":["GET"]}}],"collection":[{"href":"https:\/\/ostrowskatv.pl\/index.php?rest_route=\/wp\/v2\/posts"}],"about":[{"href":"https:\/\/ostrowskatv.pl\/index.php?rest_route=\/wp\/v2\/types\/post"}],"author":[{"embeddable":true,"href":"https:\/\/ostrowskatv.pl\/index.php?rest_route=\/wp\/v2\/users\/1"}],"replies":[{"embeddable":true,"href":"https:\/\/ostrowskatv.pl\/index.php?rest_route=%2Fwp%2Fv2%2Fcomments&post=4236"}],"version-history":[{"count":0,"href":"https:\/\/ostrowskatv.pl\/index.php?rest_route=\/wp\/v2\/posts\/4236\/revisions"}],"wp:featuredmedia":[{"embeddable":true,"href":"https:\/\/ostrowskatv.pl\/index.php?rest_route=\/wp\/v2\/media\/4238"}],"wp:attachment":[{"href":"https:\/\/ostrowskatv.pl\/index.php?rest_route=%2Fwp%2Fv2%2Fmedia&parent=4236"}],"wp:term":[{"taxonomy":"category","embeddable":true,"href":"https:\/\/ostrowskatv.pl\/index.php?rest_route=%2Fwp%2Fv2%2Fcategories&post=4236"},{"taxonomy":"post_tag","embeddable":true,"href":"https:\/\/ostrowskatv.pl\/index.php?rest_route=%2Fwp%2Fv2%2Ftags&post=4236"}],"curies":[{"name":"wp","href":"https:\/\/api.w.org\/{rel}","templated":true}]}}