{"id":423,"date":"2016-02-22T13:39:37","date_gmt":"2016-02-22T12:39:37","guid":{"rendered":"http:\/\/ostrowska.tv\/?p=423"},"modified":"2016-02-22T13:50:18","modified_gmt":"2016-02-22T12:50:18","slug":"zmiany-w-budzecie-komu-zrobia-dobrze","status":"publish","type":"post","link":"https:\/\/ostrowskatv.pl\/?p=423","title":{"rendered":"Zmiany w bud\u017cecie. Komu zrobi\u0105 dobrze?"},"content":{"rendered":"<p><strong>Podczas ostatniej Komisji Dzia\u0142alno\u015bci Gospodarczej, \u0141adu Przestrzennego i Gospodarki Gruntami ostrowscy radni pozytywnie zaopiniowali zmiany w bud\u017cecie na 2016 rok. Czego one dotycz\u0105?<\/strong><\/p>\n<p>O jednej ze zmian informowali\u015bmy ju\u017c wcze\u015bniej. Z wolnych \u015brodk\u00f3w zabezpieczona zosta\u0107 ma kwota 60 tysi\u0119cy z\u0142otych na budow\u0119 windy dla os\u00f3b z niepe\u0142nosprawno\u015bci\u0105 ruchow\u0105 w Szkole Podstawowej numer 5. Poza tym, miasto ma przeznaczy\u0107 100 tysi\u0119cy z\u0142otych na parking przy ulicy Asnyka i po 30 tysi\u0119cy z\u0142otych na termomodernizacj\u0119 Sali Sesyjnej przy Urz\u0119dzie Miejskim i Urz\u0119du Miejskiego.<\/p>\n<p>Szereg inwestycji b\u0119dzie dotyczy\u0107 tak\u017ce ostrowskich ogrod\u00f3w dzia\u0142kowych \u2013 im. 3 Maja, im. 22 lipca, im. Stefana Czarneckiego, &#8222;Zacisze&#8221;, &#8222;Przyroda&#8221;, &#8222;Zak\u0105tek&#8221;, im. Tadeusza Ko\u015bciuszki czy &#8222;S\u0142onecznik&#8221;. Dotycz\u0105 one mi\u0119dzy innymi kwestii sanitarnych i wodoci\u0105gowych, modernizacji sieci energetycznej, remontu dachu czy wykonania ogrodzenia. Szczeg\u00f3\u0142y znajduj\u0105 si\u0119 poni\u017cej. Jak wida\u0107 w ten spos\u00f3b prezydent Beata Klimek realizuje kolejny z punkt\u00f3w programu wyborczego, w kt\u00f3rym obieca\u0142a dzia\u0142kowiczom pieni\u0105dze na inwestycje. Przypomnijmy, \u017ce to prawdopodobnie dzi\u0119ki tej grupie Beata Klimek otrzyma\u0142a w pierwszej turze wybor\u00f3w prezydenckich a\u017c 7 tys. g\u0142os\u00f3w.<\/p>\n<p>Miasto zamierza r\u00f3wnie\u017c rozbudowa\u0107 ofert\u0119 Biblioteki Publicznej im. Stefana Rowi\u0144skiego o bibliotek\u0119 multimedialn\u0105. Na ten cel ma zosta\u0107 wydane 30 tysi\u0119cy z\u0142otych.<\/p>\n<div id='gallery-1' class='gallery galleryid-423 gallery-columns-3 gallery-size-thumbnail'><figure class='gallery-item'>\n\t\t\t<div class='gallery-icon landscape'>\n\t\t\t\t<a href='https:\/\/ostrowskatv.pl\/?attachment_id=425'><img loading=\"lazy\" decoding=\"async\" width=\"150\" height=\"150\" src=\"https:\/\/ostrowskatv.pl\/wp-content\/uploads\/2016\/02\/budzet-01-150x150.jpg\" class=\"attachment-thumbnail size-thumbnail\" alt=\"\" \/><\/a>\n\t\t\t<\/div><\/figure><figure class='gallery-item'>\n\t\t\t<div class='gallery-icon landscape'>\n\t\t\t\t<a href='https:\/\/ostrowskatv.pl\/?attachment_id=426'><img loading=\"lazy\" decoding=\"async\" width=\"150\" height=\"150\" src=\"https:\/\/ostrowskatv.pl\/wp-content\/uploads\/2016\/02\/budzet-02-150x150.jpg\" class=\"attachment-thumbnail size-thumbnail\" alt=\"\" \/><\/a>\n\t\t\t<\/div><\/figure>\n\t\t<\/div>\n\n","protected":false},"excerpt":{"rendered":"Podczas ostatniej Komisji Dzia\u0142alno\u015bci Gospodarczej, \u0141adu Przestrzennego i Gospodarki Gruntami ostrowscy radni pozytywnie zaopiniowali zmiany w bud\u017cecie na 2016 rok. Czego one dotycz\u0105? \n<a class=\"moretag\" href=\"https:\/\/ostrowskatv.pl\/?p=423\"> [...]<\/a>","protected":false},"author":1,"featured_media":76,"comment_status":"open","ping_status":"open","sticky":false,"template":"","format":"standard","meta":{"footnotes":""},"categories":[1],"tags":[16],"class_list":["post-423","post","type-post","status-publish","format-standard","has-post-thumbnail","hentry","category-news","tag-radni"],"_links":{"self":[{"href":"https:\/\/ostrowskatv.pl\/index.php?rest_route=\/wp\/v2\/posts\/423","targetHints":{"allow":["GET"]}}],"collection":[{"href":"https:\/\/ostrowskatv.pl\/index.php?rest_route=\/wp\/v2\/posts"}],"about":[{"href":"https:\/\/ostrowskatv.pl\/index.php?rest_route=\/wp\/v2\/types\/post"}],"author":[{"embeddable":true,"href":"https:\/\/ostrowskatv.pl\/index.php?rest_route=\/wp\/v2\/users\/1"}],"replies":[{"embeddable":true,"href":"https:\/\/ostrowskatv.pl\/index.php?rest_route=%2Fwp%2Fv2%2Fcomments&post=423"}],"version-history":[{"count":0,"href":"https:\/\/ostrowskatv.pl\/index.php?rest_route=\/wp\/v2\/posts\/423\/revisions"}],"wp:featuredmedia":[{"embeddable":true,"href":"https:\/\/ostrowskatv.pl\/index.php?rest_route=\/wp\/v2\/media\/76"}],"wp:attachment":[{"href":"https:\/\/ostrowskatv.pl\/index.php?rest_route=%2Fwp%2Fv2%2Fmedia&parent=423"}],"wp:term":[{"taxonomy":"category","embeddable":true,"href":"https:\/\/ostrowskatv.pl\/index.php?rest_route=%2Fwp%2Fv2%2Fcategories&post=423"},{"taxonomy":"post_tag","embeddable":true,"href":"https:\/\/ostrowskatv.pl\/index.php?rest_route=%2Fwp%2Fv2%2Ftags&post=423"}],"curies":[{"name":"wp","href":"https:\/\/api.w.org\/{rel}","templated":true}]}}