{"id":4190,"date":"2017-06-30T11:52:28","date_gmt":"2017-06-30T10:52:28","guid":{"rendered":"http:\/\/ostrowska.tv\/?p=4190"},"modified":"2017-06-30T11:52:28","modified_gmt":"2017-06-30T10:52:28","slug":"wypadek-we-wtorku-bus-przygniotl-kierowce","status":"publish","type":"post","link":"https:\/\/ostrowskatv.pl\/?p=4190","title":{"rendered":"Wypadek we Wt\u00f3rku. Bus przygni\u00f3t\u0142 kierowc\u0119"},"content":{"rendered":"<p><strong>W pi\u0105tek po godzinie 11:00 dosz\u0142o do powa\u017cnego wypadku. Bus Opel Vivaro z dwoma ostrowianami jecha\u0142 przez Wt\u00f3rek w stron\u0119 miasta.\u00a0Samochody jad\u0105ce przed nim zatrzyma\u0142y si\u0119. Kierowca busa po zorientowaniu si\u0119 w sytuacji, odbi\u0142 gwa\u0142townie na przeciwny pas. Tam widz\u0105c, \u017ce mo\u017ce doj\u015b\u0107 do zderzenia czo\u0142owego, skr\u0119ci\u0142 w prawo. Po zjechaniu na pobocze uderzy\u0142 w ogrodzenie.<\/strong><\/p>\n<p>Kierowca Opla Vivaro wypad\u0142 przez boczn\u0105 szyb\u0119 auta. To po przekr\u0119ceniu si\u0119 spad\u0142o na m\u0119\u017cczyzn\u0119. Z pobliskiej posesji wybiegli pracownicy, kt\u00f3rzy podnie\u015bli busa uwalniaj\u0105c poszkodowanego. Pasa\u017cer dozna\u0142 niegro\u017anego urazu g\u0142owy, natomiast kierowc\u0119 w stanie powa\u017cnym, ale przytomnym zabrano do ostrowskiego szpitala.<\/p>\n<div id='gallery-1' class='gallery galleryid-4190 gallery-columns-3 gallery-size-thumbnail'><figure class='gallery-item'>\n\t\t\t<div class='gallery-icon landscape'>\n\t\t\t\t<a href='https:\/\/ostrowskatv.pl\/?attachment_id=4191'><img loading=\"lazy\" decoding=\"async\" width=\"150\" height=\"150\" src=\"https:\/\/ostrowskatv.pl\/wp-content\/uploads\/2017\/06\/20170630_112151-150x150.jpg\" class=\"attachment-thumbnail size-thumbnail\" alt=\"\" \/><\/a>\n\t\t\t<\/div><\/figure><figure class='gallery-item'>\n\t\t\t<div class='gallery-icon landscape'>\n\t\t\t\t<a href='https:\/\/ostrowskatv.pl\/?attachment_id=4192'><img loading=\"lazy\" decoding=\"async\" width=\"150\" height=\"150\" src=\"https:\/\/ostrowskatv.pl\/wp-content\/uploads\/2017\/06\/20170630_112146-150x150.jpg\" class=\"attachment-thumbnail size-thumbnail\" alt=\"\" \/><\/a>\n\t\t\t<\/div><\/figure><figure class='gallery-item'>\n\t\t\t<div class='gallery-icon landscape'>\n\t\t\t\t<a href='https:\/\/ostrowskatv.pl\/?attachment_id=4193'><img loading=\"lazy\" decoding=\"async\" width=\"150\" height=\"150\" src=\"https:\/\/ostrowskatv.pl\/wp-content\/uploads\/2017\/06\/20170630_112103-150x150.jpg\" class=\"attachment-thumbnail size-thumbnail\" alt=\"\" \/><\/a>\n\t\t\t<\/div><\/figure><figure class='gallery-item'>\n\t\t\t<div class='gallery-icon landscape'>\n\t\t\t\t<a href='https:\/\/ostrowskatv.pl\/?attachment_id=4194'><img loading=\"lazy\" decoding=\"async\" width=\"150\" height=\"150\" src=\"https:\/\/ostrowskatv.pl\/wp-content\/uploads\/2017\/06\/20170630_112059-150x150.jpg\" class=\"attachment-thumbnail size-thumbnail\" alt=\"\" \/><\/a>\n\t\t\t<\/div><\/figure><figure class='gallery-item'>\n\t\t\t<div class='gallery-icon landscape'>\n\t\t\t\t<a href='https:\/\/ostrowskatv.pl\/?attachment_id=4195'><img loading=\"lazy\" decoding=\"async\" width=\"150\" height=\"150\" src=\"https:\/\/ostrowskatv.pl\/wp-content\/uploads\/2017\/06\/20170630_112045-150x150.jpg\" class=\"attachment-thumbnail size-thumbnail\" alt=\"\" \/><\/a>\n\t\t\t<\/div><\/figure><figure class='gallery-item'>\n\t\t\t<div class='gallery-icon landscape'>\n\t\t\t\t<a href='https:\/\/ostrowskatv.pl\/?attachment_id=4196'><img loading=\"lazy\" decoding=\"async\" width=\"150\" height=\"150\" src=\"https:\/\/ostrowskatv.pl\/wp-content\/uploads\/2017\/06\/20170630_112037-150x150.jpg\" class=\"attachment-thumbnail size-thumbnail\" alt=\"\" \/><\/a>\n\t\t\t<\/div><\/figure><figure class='gallery-item'>\n\t\t\t<div class='gallery-icon landscape'>\n\t\t\t\t<a href='https:\/\/ostrowskatv.pl\/?attachment_id=4197'><img loading=\"lazy\" decoding=\"async\" width=\"150\" height=\"150\" src=\"https:\/\/ostrowskatv.pl\/wp-content\/uploads\/2017\/06\/20170630_112018-150x150.jpg\" class=\"attachment-thumbnail size-thumbnail\" alt=\"\" \/><\/a>\n\t\t\t<\/div><\/figure>\n\t\t<\/div>\n\n","protected":false},"excerpt":{"rendered":"W pi\u0105tek po godzinie 11:00 dosz\u0142o do powa\u017cnego wypadku. Bus Opel Vivaro z dwoma ostrowianami jecha\u0142 przez Wt\u00f3rek w stron\u0119 miasta.\u00a0Samochody jad\u0105ce przed \n<a class=\"moretag\" href=\"https:\/\/ostrowskatv.pl\/?p=4190\"> [...]<\/a>","protected":false},"author":1,"featured_media":4197,"comment_status":"open","ping_status":"open","sticky":false,"template":"","format":"standard","meta":{"footnotes":""},"categories":[1],"tags":[112],"class_list":["post-4190","post","type-post","status-publish","format-standard","has-post-thumbnail","hentry","category-news","tag-wtorek"],"_links":{"self":[{"href":"https:\/\/ostrowskatv.pl\/index.php?rest_route=\/wp\/v2\/posts\/4190","targetHints":{"allow":["GET"]}}],"collection":[{"href":"https:\/\/ostrowskatv.pl\/index.php?rest_route=\/wp\/v2\/posts"}],"about":[{"href":"https:\/\/ostrowskatv.pl\/index.php?rest_route=\/wp\/v2\/types\/post"}],"author":[{"embeddable":true,"href":"https:\/\/ostrowskatv.pl\/index.php?rest_route=\/wp\/v2\/users\/1"}],"replies":[{"embeddable":true,"href":"https:\/\/ostrowskatv.pl\/index.php?rest_route=%2Fwp%2Fv2%2Fcomments&post=4190"}],"version-history":[{"count":0,"href":"https:\/\/ostrowskatv.pl\/index.php?rest_route=\/wp\/v2\/posts\/4190\/revisions"}],"wp:featuredmedia":[{"embeddable":true,"href":"https:\/\/ostrowskatv.pl\/index.php?rest_route=\/wp\/v2\/media\/4197"}],"wp:attachment":[{"href":"https:\/\/ostrowskatv.pl\/index.php?rest_route=%2Fwp%2Fv2%2Fmedia&parent=4190"}],"wp:term":[{"taxonomy":"category","embeddable":true,"href":"https:\/\/ostrowskatv.pl\/index.php?rest_route=%2Fwp%2Fv2%2Fcategories&post=4190"},{"taxonomy":"post_tag","embeddable":true,"href":"https:\/\/ostrowskatv.pl\/index.php?rest_route=%2Fwp%2Fv2%2Ftags&post=4190"}],"curies":[{"name":"wp","href":"https:\/\/api.w.org\/{rel}","templated":true}]}}