{"id":416,"date":"2016-02-20T21:21:53","date_gmt":"2016-02-20T20:21:53","guid":{"rendered":"http:\/\/ostrowska.tv\/?p=416"},"modified":"2016-02-20T21:21:53","modified_gmt":"2016-02-20T20:21:53","slug":"rodzina-500-plus-czy-miasto-doplaci","status":"publish","type":"post","link":"https:\/\/ostrowskatv.pl\/?p=416","title":{"rendered":"Rodzina 500 plus: Czy miasto dop\u0142aci?"},"content":{"rendered":"<p><strong>W tym roku samorz\u0105dy na realizacj\u0119 zadania &#8222;Rodzina 500 plus&#8221; otrzymaj\u0105 dwuprocentow\u0105 prowizj\u0119. W 2017 roku i w kolejnych latach b\u0119dzie ona wynosi\u0107 1,5 proc. Czy dla Ostrowa Wielkopolskiego b\u0119dzie to wystarczaj\u0105ce?<\/strong><\/p>\n<p>W\u0142adze Ostrowa Wielkopolskiego zak\u0142adaj\u0105, \u017ce w naszym mie\u015bcie do skorzystania z programu b\u0119dzie uprawnionych 6000 os\u00f3b, czyli po\u0142owa spo\u015br\u00f3d niemal 1200 b\u0119d\u0105cych w wieku do 18 lat. &#8211; W\u00f3wczas nale\u017cy si\u0119 spodziewa\u0107, \u017ce miesi\u0119czna transza b\u0119dzie w wysoko\u015bci 3.600.000 oraz 2% na obs\u0142ug\u0119 programu czyli 72 000 &#8211; m\u00f3wi w rozmowie z nasz\u0105 redakcj\u0105 wiceprezydent Ostrowa Wielkopolskiego<strong> Ewa Matecka.<\/strong><\/p>\n<p>Rz\u0105d twierdzi, \u017ce finansowanie zadania zleconego jest na niez\u0142ym poziomie. Czy rzeczywi\u015bcie? Czy taka prowizja z punktu widzenia Ostrowa Wielkopolskiego b\u0119dzie wystarczaj\u0105ca?<\/p>\n<p>Jak ju\u017c wcze\u015bniej informowali\u015bmy, w zwi\u0105zku z wyp\u0142at\u0105 500 z\u0142 na dziecko, miasto b\u0119dzie musia\u0142o zatrudni\u0107 od 6 do 7 nowych urz\u0119dnik\u00f3w. Na tym jednak wydatki si\u0119 nie ko\u0144cz\u0105. &#8211; Trzeba wynaj\u0105\u0107 2-3 lokale biurowe, kt\u00f3re trzeba przygotowa\u0107, wyposa\u017cy\u0107 w meble i niezb\u0119dny sprz\u0119t komputerowy, artyku\u0142y biurowe itp. \u015arodki przeznaczone na obs\u0142ug\u0119 w wysoko\u015bci 2%, czy w latach nast\u0119pnych 1,5% od wysoko\u015bci transzy powinny wystarczy\u0107, chocia\u017c mo\u017ce tak si\u0119 zdarzy\u0107, \u017ce samorz\u0105dy b\u0119d\u0105 dop\u0142aca\u0107 &#8211; wyja\u015bnia <strong>Matecka.<\/strong><\/p>\n<p>Jednoznacznej odpowiedzi zatem nie ma. Miasto dop\u0142aca\u0107 do programu PiS nie planuje, ale jednocze\u015bnie nie wyklucza takiej opcji. Przypomnijmy, \u017ce wyp\u0142ata \u015bwiadcze\u0144 ma ruszy\u0107 1 kwietnia<\/p>\n","protected":false},"excerpt":{"rendered":"W tym roku samorz\u0105dy na realizacj\u0119 zadania &#8222;Rodzina 500 plus&#8221; otrzymaj\u0105 dwuprocentow\u0105 prowizj\u0119. W 2017 roku i w kolejnych latach b\u0119dzie ona wynosi\u0107 \n<a class=\"moretag\" href=\"https:\/\/ostrowskatv.pl\/?p=416\"> [...]<\/a>","protected":false},"author":1,"featured_media":255,"comment_status":"open","ping_status":"open","sticky":false,"template":"","format":"standard","meta":{"footnotes":""},"categories":[1],"tags":[51],"class_list":["post-416","post","type-post","status-publish","format-standard","has-post-thumbnail","hentry","category-news","tag-rodzina"],"_links":{"self":[{"href":"https:\/\/ostrowskatv.pl\/index.php?rest_route=\/wp\/v2\/posts\/416","targetHints":{"allow":["GET"]}}],"collection":[{"href":"https:\/\/ostrowskatv.pl\/index.php?rest_route=\/wp\/v2\/posts"}],"about":[{"href":"https:\/\/ostrowskatv.pl\/index.php?rest_route=\/wp\/v2\/types\/post"}],"author":[{"embeddable":true,"href":"https:\/\/ostrowskatv.pl\/index.php?rest_route=\/wp\/v2\/users\/1"}],"replies":[{"embeddable":true,"href":"https:\/\/ostrowskatv.pl\/index.php?rest_route=%2Fwp%2Fv2%2Fcomments&post=416"}],"version-history":[{"count":0,"href":"https:\/\/ostrowskatv.pl\/index.php?rest_route=\/wp\/v2\/posts\/416\/revisions"}],"wp:featuredmedia":[{"embeddable":true,"href":"https:\/\/ostrowskatv.pl\/index.php?rest_route=\/wp\/v2\/media\/255"}],"wp:attachment":[{"href":"https:\/\/ostrowskatv.pl\/index.php?rest_route=%2Fwp%2Fv2%2Fmedia&parent=416"}],"wp:term":[{"taxonomy":"category","embeddable":true,"href":"https:\/\/ostrowskatv.pl\/index.php?rest_route=%2Fwp%2Fv2%2Fcategories&post=416"},{"taxonomy":"post_tag","embeddable":true,"href":"https:\/\/ostrowskatv.pl\/index.php?rest_route=%2Fwp%2Fv2%2Ftags&post=416"}],"curies":[{"name":"wp","href":"https:\/\/api.w.org\/{rel}","templated":true}]}}