{"id":4149,"date":"2017-06-28T09:25:01","date_gmt":"2017-06-28T08:25:01","guid":{"rendered":"http:\/\/ostrowska.tv\/?p=4149"},"modified":"2017-06-28T09:25:01","modified_gmt":"2017-06-28T08:25:01","slug":"wyczuwalny-gaz-w-smardowie","status":"publish","type":"post","link":"https:\/\/ostrowskatv.pl\/?p=4149","title":{"rendered":"Wyczuwalny gaz w Smardowie"},"content":{"rendered":"<p><strong>S\u0142u\u017cby ratownicze zosta\u0142y postawione na nogi w zwi\u0105zku z wyczuwalnym przez mieszka\u0144c\u00f3w gazem w Smardowie. Sytuacja by\u0142a o tyle powa\u017cna, poniewa\u017c obok zabudowa\u0144 powsta\u0142a wiertnia szukaj\u0105ca z\u0142\u00f3\u017c gazu. Tym samym mog\u0142o doj\u015b\u0107 do powt\u00f3rki tragedii w Jankowie Przygodzkim.<\/strong><\/p>\n<p>Stra\u017c po\u017carna zosta\u0142a wezwana o godzinie 21:37. Po przybyciu do domu rodzinnego w Smardowie sprawdzono zagro\u017cenie wybuchem specjalnymi urz\u0105dzeniami pomiarowymi. Te jednak nic nie wykaza\u0142y zar\u00f3wno wewn\u0105trz budynku jak i na zewn\u0105trz, a tak\u017ce na s\u0105siedniej posesji, gdzie znajduje si\u0119 zbiornik na gaz.<\/p>\n<p>Uwag\u0119 stra\u017cak\u00f3w i pracownik\u00f3w z pogotowia gazowego przyku\u0142a nowopowsta\u0142a wiertnia szukaj\u0105ca z\u0142\u00f3\u017c gazu. Stamt\u0105d jednak dotar\u0142a informacja, \u017ce wiertnica jeszcze nie dotar\u0142a do gazu.<\/p>\n<div id='gallery-1' class='gallery galleryid-4149 gallery-columns-3 gallery-size-thumbnail'><figure class='gallery-item'>\n\t\t\t<div class='gallery-icon landscape'>\n\t\t\t\t<a href='https:\/\/ostrowskatv.pl\/?attachment_id=4150'><img loading=\"lazy\" decoding=\"async\" width=\"150\" height=\"150\" src=\"https:\/\/ostrowskatv.pl\/wp-content\/uploads\/2017\/06\/19424309_1983637845255341_2021429822076910239_n-150x150.jpg\" class=\"attachment-thumbnail size-thumbnail\" alt=\"\" \/><\/a>\n\t\t\t<\/div><\/figure><figure class='gallery-item'>\n\t\t\t<div class='gallery-icon landscape'>\n\t\t\t\t<a href='https:\/\/ostrowskatv.pl\/?attachment_id=4151'><img loading=\"lazy\" decoding=\"async\" width=\"150\" height=\"150\" src=\"https:\/\/ostrowskatv.pl\/wp-content\/uploads\/2017\/06\/19247785_1983637988588660_6097339882350222793_n-150x150.jpg\" class=\"attachment-thumbnail size-thumbnail\" alt=\"\" \/><\/a>\n\t\t\t<\/div><\/figure><figure class='gallery-item'>\n\t\t\t<div class='gallery-icon landscape'>\n\t\t\t\t<a href='https:\/\/ostrowskatv.pl\/?attachment_id=4152'><img loading=\"lazy\" decoding=\"async\" width=\"150\" height=\"150\" src=\"https:\/\/ostrowskatv.pl\/wp-content\/uploads\/2017\/06\/19437444_1983637875255338_5315969345332246445_n-150x150.jpg\" class=\"attachment-thumbnail size-thumbnail\" alt=\"\" \/><\/a>\n\t\t\t<\/div><\/figure>\n\t\t<\/div>\n\n","protected":false},"excerpt":{"rendered":"S\u0142u\u017cby ratownicze zosta\u0142y postawione na nogi w zwi\u0105zku z wyczuwalnym przez mieszka\u0144c\u00f3w gazem w Smardowie. Sytuacja by\u0142a o tyle powa\u017cna, poniewa\u017c obok zabudowa\u0144 \n<a class=\"moretag\" href=\"https:\/\/ostrowskatv.pl\/?p=4149\"> [...]<\/a>","protected":false},"author":1,"featured_media":4152,"comment_status":"open","ping_status":"open","sticky":false,"template":"","format":"standard","meta":{"footnotes":""},"categories":[1],"tags":[131],"class_list":["post-4149","post","type-post","status-publish","format-standard","has-post-thumbnail","hentry","category-news","tag-smardow"],"_links":{"self":[{"href":"https:\/\/ostrowskatv.pl\/index.php?rest_route=\/wp\/v2\/posts\/4149","targetHints":{"allow":["GET"]}}],"collection":[{"href":"https:\/\/ostrowskatv.pl\/index.php?rest_route=\/wp\/v2\/posts"}],"about":[{"href":"https:\/\/ostrowskatv.pl\/index.php?rest_route=\/wp\/v2\/types\/post"}],"author":[{"embeddable":true,"href":"https:\/\/ostrowskatv.pl\/index.php?rest_route=\/wp\/v2\/users\/1"}],"replies":[{"embeddable":true,"href":"https:\/\/ostrowskatv.pl\/index.php?rest_route=%2Fwp%2Fv2%2Fcomments&post=4149"}],"version-history":[{"count":0,"href":"https:\/\/ostrowskatv.pl\/index.php?rest_route=\/wp\/v2\/posts\/4149\/revisions"}],"wp:featuredmedia":[{"embeddable":true,"href":"https:\/\/ostrowskatv.pl\/index.php?rest_route=\/wp\/v2\/media\/4152"}],"wp:attachment":[{"href":"https:\/\/ostrowskatv.pl\/index.php?rest_route=%2Fwp%2Fv2%2Fmedia&parent=4149"}],"wp:term":[{"taxonomy":"category","embeddable":true,"href":"https:\/\/ostrowskatv.pl\/index.php?rest_route=%2Fwp%2Fv2%2Fcategories&post=4149"},{"taxonomy":"post_tag","embeddable":true,"href":"https:\/\/ostrowskatv.pl\/index.php?rest_route=%2Fwp%2Fv2%2Ftags&post=4149"}],"curies":[{"name":"wp","href":"https:\/\/api.w.org\/{rel}","templated":true}]}}