{"id":4143,"date":"2017-06-24T12:39:16","date_gmt":"2017-06-24T11:39:16","guid":{"rendered":"http:\/\/ostrowska.tv\/?p=4143"},"modified":"2017-06-24T12:39:42","modified_gmt":"2017-06-24T11:39:42","slug":"zderzenie-w-fabianowie-seicento-i-seat","status":"publish","type":"post","link":"https:\/\/ostrowskatv.pl\/?p=4143","title":{"rendered":"Zderzenie w Fabianowie. Seicento i Seat"},"content":{"rendered":"<p><strong>W pi\u0105tek oko\u0142o godz. 20:00 zderzy\u0142y si\u0119 dwa samochody na drodze krajowej nr 25. Osoby podr\u00f3\u017cuj\u0105ce Seicento odwieziono do szpitala. Na miejsce zadysponowano pogotowie oraz stra\u017c po\u017carn\u0105.<\/strong><\/p>\n<p>Kobieta kieruj\u0105ca Seicento wyjecha\u0142a z bocznej drogi. Jak sama przyzna\u0142a, \u017ale oceni\u0142a pr\u0119dko\u015b\u0107 nadje\u017cd\u017caj\u0105cego Seata. Kierowca tego ostatniego mia\u0142 trzy wyj\u015bcia, skr\u0119ci\u0107 w lewo i p\u00f3j\u015b\u0107 na czo\u0142\u00f3wk\u0119, skr\u0119ci\u0107 w prawo i wjecha\u0107 do rowu lub uderzy\u0107 w ty\u0142 Fiata. Wybra\u0142 ten ostatni wariant. Kobieta z Seicento przyzna\u0142a si\u0119 do spowodowania kolizji.<\/p>\n<div id='gallery-1' class='gallery galleryid-4143 gallery-columns-3 gallery-size-thumbnail'><figure class='gallery-item'>\n\t\t\t<div class='gallery-icon landscape'>\n\t\t\t\t<a href='https:\/\/ostrowskatv.pl\/?attachment_id=4144'><img loading=\"lazy\" decoding=\"async\" width=\"150\" height=\"150\" src=\"https:\/\/ostrowskatv.pl\/wp-content\/uploads\/2017\/06\/20170623_202655-150x150.jpg\" class=\"attachment-thumbnail size-thumbnail\" alt=\"\" \/><\/a>\n\t\t\t<\/div><\/figure><figure class='gallery-item'>\n\t\t\t<div class='gallery-icon landscape'>\n\t\t\t\t<a href='https:\/\/ostrowskatv.pl\/?attachment_id=4145'><img loading=\"lazy\" decoding=\"async\" width=\"150\" height=\"150\" src=\"https:\/\/ostrowskatv.pl\/wp-content\/uploads\/2017\/06\/20170623_202640-150x150.jpg\" class=\"attachment-thumbnail size-thumbnail\" alt=\"\" \/><\/a>\n\t\t\t<\/div><\/figure><figure class='gallery-item'>\n\t\t\t<div class='gallery-icon landscape'>\n\t\t\t\t<a href='https:\/\/ostrowskatv.pl\/?attachment_id=4146'><img loading=\"lazy\" decoding=\"async\" width=\"150\" height=\"150\" src=\"https:\/\/ostrowskatv.pl\/wp-content\/uploads\/2017\/06\/20170623_202635-150x150.jpg\" class=\"attachment-thumbnail size-thumbnail\" alt=\"\" \/><\/a>\n\t\t\t<\/div><\/figure>\n\t\t<\/div>\n\n","protected":false},"excerpt":{"rendered":"W pi\u0105tek oko\u0142o godz. 20:00 zderzy\u0142y si\u0119 dwa samochody na drodze krajowej nr 25. Osoby podr\u00f3\u017cuj\u0105ce Seicento odwieziono do szpitala. Na miejsce zadysponowano \n<a class=\"moretag\" href=\"https:\/\/ostrowskatv.pl\/?p=4143\"> [...]<\/a>","protected":false},"author":1,"featured_media":4144,"comment_status":"open","ping_status":"open","sticky":false,"template":"","format":"standard","meta":{"footnotes":""},"categories":[1],"tags":[2],"class_list":["post-4143","post","type-post","status-publish","format-standard","has-post-thumbnail","hentry","category-news","tag-ostrow-wielkopolski"],"_links":{"self":[{"href":"https:\/\/ostrowskatv.pl\/index.php?rest_route=\/wp\/v2\/posts\/4143","targetHints":{"allow":["GET"]}}],"collection":[{"href":"https:\/\/ostrowskatv.pl\/index.php?rest_route=\/wp\/v2\/posts"}],"about":[{"href":"https:\/\/ostrowskatv.pl\/index.php?rest_route=\/wp\/v2\/types\/post"}],"author":[{"embeddable":true,"href":"https:\/\/ostrowskatv.pl\/index.php?rest_route=\/wp\/v2\/users\/1"}],"replies":[{"embeddable":true,"href":"https:\/\/ostrowskatv.pl\/index.php?rest_route=%2Fwp%2Fv2%2Fcomments&post=4143"}],"version-history":[{"count":0,"href":"https:\/\/ostrowskatv.pl\/index.php?rest_route=\/wp\/v2\/posts\/4143\/revisions"}],"wp:featuredmedia":[{"embeddable":true,"href":"https:\/\/ostrowskatv.pl\/index.php?rest_route=\/wp\/v2\/media\/4144"}],"wp:attachment":[{"href":"https:\/\/ostrowskatv.pl\/index.php?rest_route=%2Fwp%2Fv2%2Fmedia&parent=4143"}],"wp:term":[{"taxonomy":"category","embeddable":true,"href":"https:\/\/ostrowskatv.pl\/index.php?rest_route=%2Fwp%2Fv2%2Fcategories&post=4143"},{"taxonomy":"post_tag","embeddable":true,"href":"https:\/\/ostrowskatv.pl\/index.php?rest_route=%2Fwp%2Fv2%2Ftags&post=4143"}],"curies":[{"name":"wp","href":"https:\/\/api.w.org\/{rel}","templated":true}]}}