{"id":4102,"date":"2017-06-21T10:44:07","date_gmt":"2017-06-21T09:44:07","guid":{"rendered":"http:\/\/ostrowska.tv\/?p=4102"},"modified":"2017-06-21T10:44:07","modified_gmt":"2017-06-21T09:44:07","slug":"poscig-za-wlamywaczami-1-nie-zyje-policjant-ranny","status":"publish","type":"post","link":"https:\/\/ostrowskatv.pl\/?p=4102","title":{"rendered":"Po\u015bcig za w\u0142amywaczami. 1 nie \u017cyje, policjant ranny"},"content":{"rendered":"<p><strong>W \u015brod\u0119 po godzinie 3:00 \u00a0w podpleszewskiej Dobrzycy dosz\u0142o do w\u0142amania na stacj\u0119 paliw. Dw\u00f3ch sprawc\u00f3w ukrad\u0142o oko\u0142o 500 paczek papieros\u00f3w. Nast\u0119pnie zacz\u0119li si\u0119 oddala\u0107, skradzionym wcze\u015bniej samochodem, w stron\u0119 Milicza. Tam zauwa\u017cy\u0142 ich patrol policji, kt\u00f3ry rozpocz\u0105\u0142 po\u015bcig.<\/strong><\/p>\n<p>M\u0119\u017cczy\u017ani zatrzymali si\u0119 przy jednym z las\u00f3w. Funkcjonariusze biegli za sprawcami. Jeden z nich otworzy\u0142 ogie\u0144 w stron\u0119 policjant\u00f3w. Str\u00f3\u017ce prawa odpowiedzieli tym samym. Jeden z bandyt\u00f3w zosta\u0142 \u015bmiertelnie postrzelony w doln\u0105 cz\u0119\u015b\u0107 cia\u0142a, natomiast funkcjonariusz zosta\u0142 trafiony w klatk\u0119 piersiow\u0105, a nast\u0119pnie kula przemie\u015bci\u0142a si\u0119 w stron\u0119 szyi. Rannego 32-letniego policjanta przewieziono do rawickiego szpitala, sk\u0105d zostanie zabrany do pozna\u0144skiego szpitala celem usuni\u0119cia pocisku. Nieoficjalnie uda\u0142o si\u0119 dowiedzie\u0107, \u017ce by\u0142 to pocisk wystrzelony z broni typu KBKS. Stan policjanta jest stabilny. Jest przytomny.<\/p>\n<div id='gallery-1' class='gallery galleryid-4102 gallery-columns-3 gallery-size-thumbnail'><figure class='gallery-item'>\n\t\t\t<div class='gallery-icon landscape'>\n\t\t\t\t<a href='https:\/\/ostrowskatv.pl\/?attachment_id=4108'><img loading=\"lazy\" decoding=\"async\" width=\"150\" height=\"150\" src=\"https:\/\/ostrowskatv.pl\/wp-content\/uploads\/2017\/06\/20170621_083944-150x150.jpg\" class=\"attachment-thumbnail size-thumbnail\" alt=\"\" \/><\/a>\n\t\t\t<\/div><\/figure><figure class='gallery-item'>\n\t\t\t<div class='gallery-icon landscape'>\n\t\t\t\t<a href='https:\/\/ostrowskatv.pl\/?attachment_id=4107'><img loading=\"lazy\" decoding=\"async\" width=\"150\" height=\"150\" src=\"https:\/\/ostrowskatv.pl\/wp-content\/uploads\/2017\/06\/20170621_083953-150x150.jpg\" class=\"attachment-thumbnail size-thumbnail\" alt=\"\" \/><\/a>\n\t\t\t<\/div><\/figure><figure class='gallery-item'>\n\t\t\t<div class='gallery-icon landscape'>\n\t\t\t\t<a href='https:\/\/ostrowskatv.pl\/?attachment_id=4106'><img loading=\"lazy\" decoding=\"async\" width=\"150\" height=\"150\" src=\"https:\/\/ostrowskatv.pl\/wp-content\/uploads\/2017\/06\/20170621_084008-150x150.jpg\" class=\"attachment-thumbnail size-thumbnail\" alt=\"\" \/><\/a>\n\t\t\t<\/div><\/figure><figure class='gallery-item'>\n\t\t\t<div class='gallery-icon landscape'>\n\t\t\t\t<a href='https:\/\/ostrowskatv.pl\/?attachment_id=4105'><img loading=\"lazy\" decoding=\"async\" width=\"150\" height=\"150\" src=\"https:\/\/ostrowskatv.pl\/wp-content\/uploads\/2017\/06\/policjantrawicz3-150x150.jpg\" class=\"attachment-thumbnail size-thumbnail\" alt=\"\" \/><\/a>\n\t\t\t<\/div><\/figure><figure class='gallery-item'>\n\t\t\t<div class='gallery-icon landscape'>\n\t\t\t\t<a href='https:\/\/ostrowskatv.pl\/?attachment_id=4104'><img loading=\"lazy\" decoding=\"async\" width=\"150\" height=\"150\" src=\"https:\/\/ostrowskatv.pl\/wp-content\/uploads\/2017\/06\/policjantrawicz2-150x150.jpg\" class=\"attachment-thumbnail size-thumbnail\" alt=\"\" \/><\/a>\n\t\t\t<\/div><\/figure><figure class='gallery-item'>\n\t\t\t<div class='gallery-icon landscape'>\n\t\t\t\t<a href='https:\/\/ostrowskatv.pl\/?attachment_id=4103'><img loading=\"lazy\" decoding=\"async\" width=\"150\" height=\"150\" src=\"https:\/\/ostrowskatv.pl\/wp-content\/uploads\/2017\/06\/policjantrawicz-150x150.jpg\" class=\"attachment-thumbnail size-thumbnail\" alt=\"\" \/><\/a>\n\t\t\t<\/div><\/figure>\n\t\t<\/div>\n\n","protected":false},"excerpt":{"rendered":"W \u015brod\u0119 po godzinie 3:00 \u00a0w podpleszewskiej Dobrzycy dosz\u0142o do w\u0142amania na stacj\u0119 paliw. Dw\u00f3ch sprawc\u00f3w ukrad\u0142o oko\u0142o 500 paczek papieros\u00f3w. Nast\u0119pnie zacz\u0119li \n<a class=\"moretag\" href=\"https:\/\/ostrowskatv.pl\/?p=4102\"> [...]<\/a>","protected":false},"author":1,"featured_media":4104,"comment_status":"open","ping_status":"open","sticky":false,"template":"","format":"standard","meta":{"footnotes":""},"categories":[1],"tags":[130],"class_list":["post-4102","post","type-post","status-publish","format-standard","has-post-thumbnail","hentry","category-news","tag-powiat-pleszewski"],"_links":{"self":[{"href":"https:\/\/ostrowskatv.pl\/index.php?rest_route=\/wp\/v2\/posts\/4102","targetHints":{"allow":["GET"]}}],"collection":[{"href":"https:\/\/ostrowskatv.pl\/index.php?rest_route=\/wp\/v2\/posts"}],"about":[{"href":"https:\/\/ostrowskatv.pl\/index.php?rest_route=\/wp\/v2\/types\/post"}],"author":[{"embeddable":true,"href":"https:\/\/ostrowskatv.pl\/index.php?rest_route=\/wp\/v2\/users\/1"}],"replies":[{"embeddable":true,"href":"https:\/\/ostrowskatv.pl\/index.php?rest_route=%2Fwp%2Fv2%2Fcomments&post=4102"}],"version-history":[{"count":0,"href":"https:\/\/ostrowskatv.pl\/index.php?rest_route=\/wp\/v2\/posts\/4102\/revisions"}],"wp:featuredmedia":[{"embeddable":true,"href":"https:\/\/ostrowskatv.pl\/index.php?rest_route=\/wp\/v2\/media\/4104"}],"wp:attachment":[{"href":"https:\/\/ostrowskatv.pl\/index.php?rest_route=%2Fwp%2Fv2%2Fmedia&parent=4102"}],"wp:term":[{"taxonomy":"category","embeddable":true,"href":"https:\/\/ostrowskatv.pl\/index.php?rest_route=%2Fwp%2Fv2%2Fcategories&post=4102"},{"taxonomy":"post_tag","embeddable":true,"href":"https:\/\/ostrowskatv.pl\/index.php?rest_route=%2Fwp%2Fv2%2Ftags&post=4102"}],"curies":[{"name":"wp","href":"https:\/\/api.w.org\/{rel}","templated":true}]}}