{"id":4092,"date":"2017-06-19T08:52:13","date_gmt":"2017-06-19T07:52:13","guid":{"rendered":"http:\/\/ostrowska.tv\/?p=4092"},"modified":"2017-06-19T08:52:37","modified_gmt":"2017-06-19T07:52:37","slug":"niebezpieczne-przejscie-dla-pieszych-widmo","status":"publish","type":"post","link":"https:\/\/ostrowskatv.pl\/?p=4092","title":{"rendered":"Niebezpieczne przej\u015bcie widmo dla pieszych"},"content":{"rendered":"<p><strong>W ostatnim czasie zlikwidowano przej\u015bcie dla pieszych przy skrzy\u017cowaniu ulic Raszkowska\/Starotargowa w Ostrowie Wlkp. Postanowiono je przenie\u015b\u0107 na drug\u0105 stron\u0119 skrzy\u017cowania, bli\u017cej ko\u015bcio\u0142a \u015bw. Antoniego. Efekt jest taki, \u017ce ludzie, kt\u00f3rzy chodzili starym przej\u015bciem od wielu lat, robi\u0105 to nadal z przyzwyczajenia. Doprowadza to do wielu niebezpiecznych sytuacji.<\/strong><\/p>\n<p>Ide\u0105 wdro\u017cenia tego pomys\u0142u by\u0142o zwi\u0119kszenie p\u0142ynno\u015bci ruchu dla aut jad\u0105cych ul. Konopnickiej w stron\u0119 Placu 23 stycznia. Do tej pory przej\u015bcie dla pieszych umiejscowione by\u0142o bli\u017cej Rynku. Gdy piesi przechodzili po nim, doprowadzali do utrudnie\u0144 w ruchu aut. Teraz piesi powinni chodzi\u0107 po pasach umiejscowionych bli\u017cej ko\u015bcio\u0142a \u015bw. Antoniego.<\/p>\n<p>Miejski Zarz\u0105d Dr\u00f3g &#8211; realizator tego pomys\u0142u &#8211; zamalowa\u0142 dotychczasowe pasy i nani\u00f3s\u0142 je w nowym miejscu. Zapomnia\u0142 jednak wyra\u017anie poinformowa\u0107 tych mieszka\u0144c\u00f3w, kt\u00f3rzy z przyzwyczajenia chodzili pierwotnym przej\u015bciem od lat i przyzwyczajeni byli do jego ma\u0142ej widoczno\u015bci z powodu du\u017cego nat\u0119\u017cenia samochod\u00f3w \u015bcieraj\u0105cych namalowane pasy. To samo si\u0119 tyczy funkcjonariuszy, kt\u00f3rzy wol\u0105 kara\u0107 mandatami w pobli\u017cu market\u00f3w, zamiast w my\u015bl nowego has\u0142a policji &#8211; Pomagamy i chronimy &#8211; sta\u0107 przy starym przej\u015bciu i informowa\u0107 pieszych o zmianie oznakowania poziomego &#8211; przyk\u0142adowo przez 1-3 dni.<\/p>\n<p>W rzeczywisto\u015bci starsi ludzie, niepe\u0142nosprawni, ale te\u017c m\u0142odzi i zdrowi przechodz\u0105 przez jezdnie wychodz\u0105c zza zaparkowanych aut ryzykuj\u0105c doprowadzeniem do potr\u0105cenia.<\/p>\n<p>Dyrektor Marcin Wieruchowski, po interwencji dziennikarza Marka Radziszewskiego, zadeklarowa\u0142, \u017ce jeszcze dzi\u015b postawi p\u0142otki wyra\u017anie informuj\u0105ca o braku przej\u015bcia dla pieszych w starym miejscu.<\/p>\n<div id='gallery-1' class='gallery galleryid-4092 gallery-columns-3 gallery-size-thumbnail'><figure class='gallery-item'>\n\t\t\t<div class='gallery-icon landscape'>\n\t\t\t\t<a href='https:\/\/ostrowskatv.pl\/?attachment_id=4099'><img loading=\"lazy\" decoding=\"async\" width=\"150\" height=\"150\" src=\"https:\/\/ostrowskatv.pl\/wp-content\/uploads\/2017\/06\/20170606_102652-150x150.jpg\" class=\"attachment-thumbnail size-thumbnail\" alt=\"\" \/><\/a>\n\t\t\t<\/div><\/figure><figure class='gallery-item'>\n\t\t\t<div class='gallery-icon landscape'>\n\t\t\t\t<a href='https:\/\/ostrowskatv.pl\/?attachment_id=4098'><img loading=\"lazy\" decoding=\"async\" width=\"150\" height=\"150\" src=\"https:\/\/ostrowskatv.pl\/wp-content\/uploads\/2017\/06\/20170606_102714-150x150.jpg\" class=\"attachment-thumbnail size-thumbnail\" alt=\"\" \/><\/a>\n\t\t\t<\/div><\/figure><figure class='gallery-item'>\n\t\t\t<div class='gallery-icon landscape'>\n\t\t\t\t<a href='https:\/\/ostrowskatv.pl\/?attachment_id=4097'><img loading=\"lazy\" decoding=\"async\" width=\"150\" height=\"150\" src=\"https:\/\/ostrowskatv.pl\/wp-content\/uploads\/2017\/06\/20170606_102732-150x150.jpg\" class=\"attachment-thumbnail size-thumbnail\" alt=\"\" \/><\/a>\n\t\t\t<\/div><\/figure><figure class='gallery-item'>\n\t\t\t<div class='gallery-icon landscape'>\n\t\t\t\t<a href='https:\/\/ostrowskatv.pl\/?attachment_id=4096'><img loading=\"lazy\" decoding=\"async\" width=\"150\" height=\"150\" src=\"https:\/\/ostrowskatv.pl\/wp-content\/uploads\/2017\/06\/20170606_103659-150x150.jpg\" class=\"attachment-thumbnail size-thumbnail\" alt=\"\" \/><\/a>\n\t\t\t<\/div><\/figure><figure class='gallery-item'>\n\t\t\t<div class='gallery-icon landscape'>\n\t\t\t\t<a href='https:\/\/ostrowskatv.pl\/?attachment_id=4095'><img loading=\"lazy\" decoding=\"async\" width=\"150\" height=\"150\" src=\"https:\/\/ostrowskatv.pl\/wp-content\/uploads\/2017\/06\/20170606_103712-150x150.jpg\" class=\"attachment-thumbnail size-thumbnail\" alt=\"\" \/><\/a>\n\t\t\t<\/div><\/figure><figure class='gallery-item'>\n\t\t\t<div class='gallery-icon landscape'>\n\t\t\t\t<a href='https:\/\/ostrowskatv.pl\/?attachment_id=4094'><img loading=\"lazy\" decoding=\"async\" width=\"150\" height=\"150\" src=\"https:\/\/ostrowskatv.pl\/wp-content\/uploads\/2017\/06\/Bez-nazwy-1-150x150.jpg\" class=\"attachment-thumbnail size-thumbnail\" alt=\"\" \/><\/a>\n\t\t\t<\/div><\/figure><figure class='gallery-item'>\n\t\t\t<div class='gallery-icon landscape'>\n\t\t\t\t<a href='https:\/\/ostrowskatv.pl\/?attachment_id=4093'><img loading=\"lazy\" decoding=\"async\" width=\"150\" height=\"150\" src=\"https:\/\/ostrowskatv.pl\/wp-content\/uploads\/2017\/06\/przejscie-150x150.jpg\" class=\"attachment-thumbnail size-thumbnail\" alt=\"\" \/><\/a>\n\t\t\t<\/div><\/figure>\n\t\t<\/div>\n\n","protected":false},"excerpt":{"rendered":"W ostatnim czasie zlikwidowano przej\u015bcie dla pieszych przy skrzy\u017cowaniu ulic Raszkowska\/Starotargowa w Ostrowie Wlkp. Postanowiono je przenie\u015b\u0107 na drug\u0105 stron\u0119 skrzy\u017cowania, bli\u017cej ko\u015bcio\u0142a \n<a class=\"moretag\" href=\"https:\/\/ostrowskatv.pl\/?p=4092\"> [...]<\/a>","protected":false},"author":1,"featured_media":4095,"comment_status":"open","ping_status":"open","sticky":false,"template":"","format":"standard","meta":{"footnotes":""},"categories":[1],"tags":[2],"class_list":["post-4092","post","type-post","status-publish","format-standard","has-post-thumbnail","hentry","category-news","tag-ostrow-wielkopolski"],"_links":{"self":[{"href":"https:\/\/ostrowskatv.pl\/index.php?rest_route=\/wp\/v2\/posts\/4092","targetHints":{"allow":["GET"]}}],"collection":[{"href":"https:\/\/ostrowskatv.pl\/index.php?rest_route=\/wp\/v2\/posts"}],"about":[{"href":"https:\/\/ostrowskatv.pl\/index.php?rest_route=\/wp\/v2\/types\/post"}],"author":[{"embeddable":true,"href":"https:\/\/ostrowskatv.pl\/index.php?rest_route=\/wp\/v2\/users\/1"}],"replies":[{"embeddable":true,"href":"https:\/\/ostrowskatv.pl\/index.php?rest_route=%2Fwp%2Fv2%2Fcomments&post=4092"}],"version-history":[{"count":0,"href":"https:\/\/ostrowskatv.pl\/index.php?rest_route=\/wp\/v2\/posts\/4092\/revisions"}],"wp:featuredmedia":[{"embeddable":true,"href":"https:\/\/ostrowskatv.pl\/index.php?rest_route=\/wp\/v2\/media\/4095"}],"wp:attachment":[{"href":"https:\/\/ostrowskatv.pl\/index.php?rest_route=%2Fwp%2Fv2%2Fmedia&parent=4092"}],"wp:term":[{"taxonomy":"category","embeddable":true,"href":"https:\/\/ostrowskatv.pl\/index.php?rest_route=%2Fwp%2Fv2%2Fcategories&post=4092"},{"taxonomy":"post_tag","embeddable":true,"href":"https:\/\/ostrowskatv.pl\/index.php?rest_route=%2Fwp%2Fv2%2Ftags&post=4092"}],"curies":[{"name":"wp","href":"https:\/\/api.w.org\/{rel}","templated":true}]}}