{"id":4089,"date":"2017-06-16T09:41:20","date_gmt":"2017-06-16T08:41:20","guid":{"rendered":"http:\/\/ostrowska.tv\/?p=4089"},"modified":"2017-06-16T09:41:20","modified_gmt":"2017-06-16T08:41:20","slug":"5-latek-zaatakowal-przedszkolanke","status":"publish","type":"post","link":"https:\/\/ostrowskatv.pl\/?p=4089","title":{"rendered":"5-latek zaatakowa\u0142 przedszkolank\u0119"},"content":{"rendered":"<p><strong>5-latek mia\u0142 u\u017cy\u0107 s\u0142\u00f3w &#8222;Ty kur**&#8221; i kopn\u0105\u0107 przedszkolank\u0119 w gard\u0142o. Ta niebezpieczna i wulgarna sytuacja wydarzy\u0142a si\u0119 w poniedzia\u0142ek w przedszkolu &#8222;Jarz\u0119binka&#8221; w Nowych Skalmierzycach.<\/strong><\/p>\n<p>W poniedzia\u0142ek oko\u0142o godziny 13:00 grupa 4-latk\u00f3w (w tym roku sko\u0144cz\u0105 5-lat) bawi\u0142a si\u0119 z przedszkolank\u0105. Nagle jeden z podopiecznych kopn\u0105\u0142 j\u0105 w krta\u0144 m\u00f3wi\u0105c przy tym bardzo wulgarne s\u0142owa &#8222;Ty kur**&#8221;. S\u0142\u00f3w tych jeszcze nie potwierdzili\u015bmy u dyrekcji przedszkola, poniewa\u017c trwa sporz\u0105dzanie protoko\u0142u powypadkowego.<\/p>\n<p>Przedszkolank\u0119 zabra\u0142o pogotowie do szpitala z objawami duszno\u015bci. Do przedszkola zostali wezwani rodzice 5-latka. Jak uda\u0142o nam si\u0119 ustali\u0107, byli przera\u017ceni zachowaniem syna i wyrazili ch\u0119\u0107 pomocy ze strony psychologa.<\/p>\n<p>Przebieg zdarzenia mo\u017ce mrozi\u0107 krew w \u017cy\u0142ach. Do sprawy odnios\u0142a si\u0119 dyrektor przedszkola.<br \/>\n&#8222;Praca z dzie\u0107mi, to taka praca, gdzie dzieci nie bardzo zdaj\u0105 sobie spraw\u0119 z tego co m\u00f3wi\u0105 i nie odpowiadaj\u0105 za swoje s\u0142owa. Te zas\u0142yszane gdziekolwiek, np. w telewizji, dzieci przyjmuj\u0105 bezkrytycznie. Je\u017celi dziecko u\u017cy\u0142o takiego s\u0142owa, to nie jest to ani jego wina ani nikogo z otoczenia, poniewa\u017c dzieci powtarzaj\u0105 najr\u00f3\u017cniejsze s\u0142owa. Z tym si\u0119 spotykamy bardzo cz\u0119sto. Nie jest to nic nadzwyczajnego w dzisiejszych czasach, gdzie dzieci s\u0105 os\u0142uchane z takim s\u0142ownictwem.&#8221; &#8211; ubolewa nad sytuacj\u0105 Anna Walczak, dyrektor przedszkola &#8222;Jarz\u0119binka&#8221; w Nowych Skalmierzycach.<\/p>\n<p>W tej chwili trwa sporz\u0105dzanie protoko\u0142u powypadkowego przez powo\u0142any zesp\u00f3\u0142. \u015awiadkowie b\u0119d\u0105 musieli spisa\u0107 w formie pisemnej przebieg tego brutalnego zdarzenia.<\/p>\n<p>Sytuacja wymaga zastanowienia i przeanalizowania. Zostanie sprawdzone w jakich dok\u0142adnie okoliczno\u015bciach dosz\u0142o do tego wypadku.<br \/>\n&#8222;Czy by\u0142a to zabawa. Dzie\u0107mi rz\u0105dz\u0105 emocje, podobnie jak u doros\u0142ych. Przy czym my potrafimy si\u0119 zahamowa\u0107. By\u0107 mo\u017ce system pobudzania by\u0142 silniejszy od systemu hamowania. Zw\u0142aszcza, \u017ce w tej grupie wiekowej system nerwowy wci\u0105\u017c si\u0119 wytwarza.&#8221; &#8211; m\u00f3wi Anna Walczak, dyrektor przedszkola &#8222;Jarz\u0119binka&#8221; w Nowych Skalmierzycach.<\/p>\n<p>&#8222;Mamy do czynienia z przedszkolem, a nie z poprawczakiem. W tym wieku dzieci nie potrafi\u0105 panowa\u0107 nad emocjami.&#8221; &#8211; kontynuuje Anna Walczak, dyrektor przedszkola &#8222;Jarz\u0119binka&#8221; w Nowych Skalmierzycach.<\/p>\n<p>Przedszkolanki nierzadko musz\u0105 zmierzy\u0107 si\u0119 z sytuacj\u0105, w kt\u00f3rej przedszkolak przychodzi z jakim\u015b wulgarnym s\u0142owem i pyta si\u0119 co to znaczy lub chocia\u017cby dzieci pytaj\u0105 sk\u0105d bior\u0105 si\u0119 dzieci.<\/p>\n<p>Do przedszkola Jarz\u0119binka w Nowych Skalmierzycach ucz\u0119szcza 245 dzieci.<\/p>\n","protected":false},"excerpt":{"rendered":"5-latek mia\u0142 u\u017cy\u0107 s\u0142\u00f3w &#8222;Ty kur**&#8221; i kopn\u0105\u0107 przedszkolank\u0119 w gard\u0142o. Ta niebezpieczna i wulgarna sytuacja wydarzy\u0142a si\u0119 w poniedzia\u0142ek w przedszkolu &#8222;Jarz\u0119binka&#8221; \n<a class=\"moretag\" href=\"https:\/\/ostrowskatv.pl\/?p=4089\"> [...]<\/a>","protected":false},"author":1,"featured_media":4090,"comment_status":"open","ping_status":"open","sticky":false,"template":"","format":"standard","meta":{"footnotes":""},"categories":[1],"tags":[61],"class_list":["post-4089","post","type-post","status-publish","format-standard","has-post-thumbnail","hentry","category-news","tag-nowe-skalmierzyce"],"_links":{"self":[{"href":"https:\/\/ostrowskatv.pl\/index.php?rest_route=\/wp\/v2\/posts\/4089","targetHints":{"allow":["GET"]}}],"collection":[{"href":"https:\/\/ostrowskatv.pl\/index.php?rest_route=\/wp\/v2\/posts"}],"about":[{"href":"https:\/\/ostrowskatv.pl\/index.php?rest_route=\/wp\/v2\/types\/post"}],"author":[{"embeddable":true,"href":"https:\/\/ostrowskatv.pl\/index.php?rest_route=\/wp\/v2\/users\/1"}],"replies":[{"embeddable":true,"href":"https:\/\/ostrowskatv.pl\/index.php?rest_route=%2Fwp%2Fv2%2Fcomments&post=4089"}],"version-history":[{"count":0,"href":"https:\/\/ostrowskatv.pl\/index.php?rest_route=\/wp\/v2\/posts\/4089\/revisions"}],"wp:featuredmedia":[{"embeddable":true,"href":"https:\/\/ostrowskatv.pl\/index.php?rest_route=\/wp\/v2\/media\/4090"}],"wp:attachment":[{"href":"https:\/\/ostrowskatv.pl\/index.php?rest_route=%2Fwp%2Fv2%2Fmedia&parent=4089"}],"wp:term":[{"taxonomy":"category","embeddable":true,"href":"https:\/\/ostrowskatv.pl\/index.php?rest_route=%2Fwp%2Fv2%2Fcategories&post=4089"},{"taxonomy":"post_tag","embeddable":true,"href":"https:\/\/ostrowskatv.pl\/index.php?rest_route=%2Fwp%2Fv2%2Ftags&post=4089"}],"curies":[{"name":"wp","href":"https:\/\/api.w.org\/{rel}","templated":true}]}}