{"id":4086,"date":"2017-06-15T14:50:38","date_gmt":"2017-06-15T13:50:38","guid":{"rendered":"http:\/\/ostrowska.tv\/?p=4086"},"modified":"2017-06-15T14:50:38","modified_gmt":"2017-06-15T13:50:38","slug":"tlum-na-procesji-bozego-ciala-2017","status":"publish","type":"post","link":"https:\/\/ostrowskatv.pl\/?p=4086","title":{"rendered":"T\u0142um na Procesji Bo\u017cego Cia\u0142a 2017"},"content":{"rendered":"<p><strong>Procesja Bo\u017cego Cia\u0142a przesz\u0142a tradycyjn\u0105 tras\u0105 od ko\u015bcio\u0142a pw. \u015bw. Antoniego do Konkatedry. Ulicami przeszed\u0142 t\u0142um wiernych, na czele kt\u00f3rego sz\u0142y sztandary, ch\u0142opcy z dzwoneczkami czy dziewczynki sypi\u0105ce kwiaty. Nast\u0119pnie pod baldachimem niesiono z\u0142ocist\u0105 monstrancj\u0119. Na trasie przemarszu ustawiono cztery stacje przyozdobione brz\u00f3zkami. Wiele dom\u00f3w mia\u0142o przyozdobione okna.\u00a0<\/strong><\/p>\n<p>Uroczysto\u015b\u0107 Bo\u017cego Cia\u0142a jest jedn\u0105 z najwa\u017cniejszych w ko\u015bciele katolickim i jak pokazuje poni\u017csze nagranie, jednym z najbarwniejszych \u015bwi\u0105t.<\/p>\n<p><iframe loading=\"lazy\" src=\"https:\/\/www.youtube.com\/embed\/8ihLglQkEyo\" width=\"560\" height=\"315\" frameborder=\"0\" allowfullscreen=\"allowfullscreen\"><\/iframe><\/p>\n","protected":false},"excerpt":{"rendered":"Procesja Bo\u017cego Cia\u0142a przesz\u0142a tradycyjn\u0105 tras\u0105 od ko\u015bcio\u0142a pw. \u015bw. Antoniego do Konkatedry. Ulicami przeszed\u0142 t\u0142um wiernych, na czele kt\u00f3rego sz\u0142y sztandary, ch\u0142opcy \n<a class=\"moretag\" href=\"https:\/\/ostrowskatv.pl\/?p=4086\"> [...]<\/a>","protected":false},"author":1,"featured_media":4087,"comment_status":"open","ping_status":"open","sticky":false,"template":"","format":"standard","meta":{"footnotes":""},"categories":[1],"tags":[2],"class_list":["post-4086","post","type-post","status-publish","format-standard","has-post-thumbnail","hentry","category-news","tag-ostrow-wielkopolski"],"_links":{"self":[{"href":"https:\/\/ostrowskatv.pl\/index.php?rest_route=\/wp\/v2\/posts\/4086","targetHints":{"allow":["GET"]}}],"collection":[{"href":"https:\/\/ostrowskatv.pl\/index.php?rest_route=\/wp\/v2\/posts"}],"about":[{"href":"https:\/\/ostrowskatv.pl\/index.php?rest_route=\/wp\/v2\/types\/post"}],"author":[{"embeddable":true,"href":"https:\/\/ostrowskatv.pl\/index.php?rest_route=\/wp\/v2\/users\/1"}],"replies":[{"embeddable":true,"href":"https:\/\/ostrowskatv.pl\/index.php?rest_route=%2Fwp%2Fv2%2Fcomments&post=4086"}],"version-history":[{"count":0,"href":"https:\/\/ostrowskatv.pl\/index.php?rest_route=\/wp\/v2\/posts\/4086\/revisions"}],"wp:featuredmedia":[{"embeddable":true,"href":"https:\/\/ostrowskatv.pl\/index.php?rest_route=\/wp\/v2\/media\/4087"}],"wp:attachment":[{"href":"https:\/\/ostrowskatv.pl\/index.php?rest_route=%2Fwp%2Fv2%2Fmedia&parent=4086"}],"wp:term":[{"taxonomy":"category","embeddable":true,"href":"https:\/\/ostrowskatv.pl\/index.php?rest_route=%2Fwp%2Fv2%2Fcategories&post=4086"},{"taxonomy":"post_tag","embeddable":true,"href":"https:\/\/ostrowskatv.pl\/index.php?rest_route=%2Fwp%2Fv2%2Ftags&post=4086"}],"curies":[{"name":"wp","href":"https:\/\/api.w.org\/{rel}","templated":true}]}}