{"id":4070,"date":"2017-06-14T08:36:54","date_gmt":"2017-06-14T07:36:54","guid":{"rendered":"http:\/\/ostrowska.tv\/?p=4070"},"modified":"2017-06-14T09:10:00","modified_gmt":"2017-06-14T08:10:00","slug":"kompletnie-pijani-zatrzymani-na-kozim-borku-czy-kierowal-autem","status":"publish","type":"post","link":"https:\/\/ostrowskatv.pl\/?p=4070","title":{"rendered":"Kompletnie pijani zatrzymani na Kozim Borku. Czy kierowa\u0142 autem?"},"content":{"rendered":"<p><strong>W poniedzia\u0142ek przed godzin\u0105 16:00 jeden z kupuj\u0105cych w pobliskim markecie przy ul. Strzeleckiej zauwa\u017cy\u0142 dw\u00f3ch m\u0119\u017cczyzn. Obaj wygl\u0105dali na pijanych. Jeden z nich wsiad\u0142 za kierownic\u0119 Skody Fabii i ruszy\u0142 w stron\u0119 Koziego Borku. Mieszkaniec zadzwoni\u0142 na policj\u0119 i poprosi\u0142 o sprawdzenie kierowcy na zawarto\u015b\u0107 alkoholu.<\/strong><\/p>\n<p>Gdy patrol policji dotar\u0142 do zaparkowanej przy lasku Skody, m\u0119\u017cczy\u017ani ju\u017c otworzyli opakowania dopiero co zakupionego alkoholu. Pasa\u017cer pi\u0142 piwo, w aucie natomiast by\u0142o kilka puszek z piwem, butelki w\u00f3dki i sok na popitk\u0119.<\/p>\n<p>M\u0119\u017cczy\u017ani nie chcieli opu\u015bci\u0107 radiowozu. Na wsparcie dotar\u0142 drugi radiow\u00f3z. Policjanci w ko\u0144cu nam\u00f3wili m\u0119\u017cczyzn do dobrowolnego opuszczenia auta. &#8222;Panie. I tak to ju\u017c nic nie zmieni&#8221; &#8211; przekonywa\u0142 jeden z funkcjonariusza. &#8222;W\u0142a\u015bnie. Niech Pan wyjdzie&#8221; &#8211; wt\u00f3rowa\u0142 drugi. Na co kierowca po wyj\u015bciu z auta odpowiedzia\u0142: &#8222;Ty si\u0119 nie odzywaj!&#8221;.<\/p>\n<p>Policjanci trzymali ju\u017c m\u0119\u017cczyzn\u0119 za r\u0119ce i pr\u00f3bowali nak\u0142oni\u0107 go do zakucia w kajdanki z ty\u0142u cia\u0142a. &#8222;Nie. Nie kujcie mnie. Prosz\u0119. Ja b\u0119d\u0119 grzeczny. Ja b\u0119d\u0119 grzeczny&#8221; &#8211; zmieni\u0142 sw\u0105 postaw\u0119 kierowca Skody.<\/p>\n<p>Po chwili by\u0142 ju\u017c zakuty w kajdanki. Taki sam los spotka\u0142 pasa\u017cera. Kierowc\u0105 okaza\u0142 si\u0119 mieszkaniec Jarocina, a pasa\u017cerem mieszkaniec Ostrowa Wlkp., kt\u00f3rego jarocinianin odwiedzi\u0142. Kierowca Skody informowa\u0142 policjant\u00f3w, \u017ce ju\u017c przebywa\u0142 w wi\u0119zieniu.<\/p>\n<p>Ostatecznie zatrzymany kierowca przekonywa\u0142 funkcjonariuszy, \u017ce zacz\u0105\u0142 pi\u0107 dopiero zaparkowania auta. Czy m\u00f3wi\u0142 prawd\u0119, wyka\u017c\u0105 to dopiero wyniki bada\u0144 krwi, kt\u00f3r\u0105 od niego pobrano.<\/p>\n<div id='gallery-1' class='gallery galleryid-4070 gallery-columns-3 gallery-size-thumbnail'><figure class='gallery-item'>\n\t\t\t<div class='gallery-icon landscape'>\n\t\t\t\t<a href='https:\/\/ostrowskatv.pl\/?attachment_id=4077'><img loading=\"lazy\" decoding=\"async\" width=\"150\" height=\"150\" src=\"https:\/\/ostrowskatv.pl\/wp-content\/uploads\/2017\/06\/20170613_161647-150x150.jpg\" class=\"attachment-thumbnail size-thumbnail\" alt=\"\" \/><\/a>\n\t\t\t<\/div><\/figure><figure class='gallery-item'>\n\t\t\t<div class='gallery-icon landscape'>\n\t\t\t\t<a href='https:\/\/ostrowskatv.pl\/?attachment_id=4076'><img loading=\"lazy\" decoding=\"async\" width=\"150\" height=\"150\" src=\"https:\/\/ostrowskatv.pl\/wp-content\/uploads\/2017\/06\/20170613_161300-150x150.jpg\" class=\"attachment-thumbnail size-thumbnail\" alt=\"\" \/><\/a>\n\t\t\t<\/div><\/figure><figure class='gallery-item'>\n\t\t\t<div class='gallery-icon landscape'>\n\t\t\t\t<a href='https:\/\/ostrowskatv.pl\/?attachment_id=4075'><img loading=\"lazy\" decoding=\"async\" width=\"150\" height=\"150\" src=\"https:\/\/ostrowskatv.pl\/wp-content\/uploads\/2017\/06\/20170613_161242-150x150.jpg\" class=\"attachment-thumbnail size-thumbnail\" alt=\"\" \/><\/a>\n\t\t\t<\/div><\/figure><figure class='gallery-item'>\n\t\t\t<div class='gallery-icon landscape'>\n\t\t\t\t<a href='https:\/\/ostrowskatv.pl\/?attachment_id=4074'><img loading=\"lazy\" decoding=\"async\" width=\"150\" height=\"150\" src=\"https:\/\/ostrowskatv.pl\/wp-content\/uploads\/2017\/06\/20170613_161158-150x150.jpg\" class=\"attachment-thumbnail size-thumbnail\" alt=\"\" \/><\/a>\n\t\t\t<\/div><\/figure><figure class='gallery-item'>\n\t\t\t<div class='gallery-icon portrait'>\n\t\t\t\t<a href='https:\/\/ostrowskatv.pl\/?attachment_id=4073'><img loading=\"lazy\" decoding=\"async\" width=\"150\" height=\"150\" src=\"https:\/\/ostrowskatv.pl\/wp-content\/uploads\/2017\/06\/20170613_161121-150x150.jpg\" class=\"attachment-thumbnail size-thumbnail\" alt=\"\" \/><\/a>\n\t\t\t<\/div><\/figure><figure class='gallery-item'>\n\t\t\t<div class='gallery-icon landscape'>\n\t\t\t\t<a href='https:\/\/ostrowskatv.pl\/?attachment_id=4071'><img loading=\"lazy\" decoding=\"async\" width=\"150\" height=\"150\" src=\"https:\/\/ostrowskatv.pl\/wp-content\/uploads\/2017\/06\/20170613_160942-150x150.jpg\" class=\"attachment-thumbnail size-thumbnail\" alt=\"\" \/><\/a>\n\t\t\t<\/div><\/figure><figure class='gallery-item'>\n\t\t\t<div class='gallery-icon landscape'>\n\t\t\t\t<a href='https:\/\/ostrowskatv.pl\/?attachment_id=4083'><img loading=\"lazy\" decoding=\"async\" width=\"150\" height=\"150\" src=\"https:\/\/ostrowskatv.pl\/wp-content\/uploads\/2017\/06\/20170613_161054-1-150x150.jpg\" class=\"attachment-thumbnail size-thumbnail\" alt=\"\" \/><\/a>\n\t\t\t<\/div><\/figure>\n\t\t<\/div>\n\n<p><iframe loading=\"lazy\" src=\"https:\/\/www.youtube.com\/embed\/IcXl2WEkM9o\" width=\"560\" height=\"315\" frameborder=\"0\" allowfullscreen=\"allowfullscreen\"><\/iframe><\/p>\n","protected":false},"excerpt":{"rendered":"W poniedzia\u0142ek przed godzin\u0105 16:00 jeden z kupuj\u0105cych w pobliskim markecie przy ul. Strzeleckiej zauwa\u017cy\u0142 dw\u00f3ch m\u0119\u017cczyzn. Obaj wygl\u0105dali na pijanych. Jeden z \n<a class=\"moretag\" href=\"https:\/\/ostrowskatv.pl\/?p=4070\"> [...]<\/a>","protected":false},"author":1,"featured_media":4072,"comment_status":"open","ping_status":"open","sticky":false,"template":"","format":"standard","meta":{"footnotes":""},"categories":[1],"tags":[2],"class_list":["post-4070","post","type-post","status-publish","format-standard","has-post-thumbnail","hentry","category-news","tag-ostrow-wielkopolski"],"_links":{"self":[{"href":"https:\/\/ostrowskatv.pl\/index.php?rest_route=\/wp\/v2\/posts\/4070","targetHints":{"allow":["GET"]}}],"collection":[{"href":"https:\/\/ostrowskatv.pl\/index.php?rest_route=\/wp\/v2\/posts"}],"about":[{"href":"https:\/\/ostrowskatv.pl\/index.php?rest_route=\/wp\/v2\/types\/post"}],"author":[{"embeddable":true,"href":"https:\/\/ostrowskatv.pl\/index.php?rest_route=\/wp\/v2\/users\/1"}],"replies":[{"embeddable":true,"href":"https:\/\/ostrowskatv.pl\/index.php?rest_route=%2Fwp%2Fv2%2Fcomments&post=4070"}],"version-history":[{"count":0,"href":"https:\/\/ostrowskatv.pl\/index.php?rest_route=\/wp\/v2\/posts\/4070\/revisions"}],"wp:featuredmedia":[{"embeddable":true,"href":"https:\/\/ostrowskatv.pl\/index.php?rest_route=\/wp\/v2\/media\/4072"}],"wp:attachment":[{"href":"https:\/\/ostrowskatv.pl\/index.php?rest_route=%2Fwp%2Fv2%2Fmedia&parent=4070"}],"wp:term":[{"taxonomy":"category","embeddable":true,"href":"https:\/\/ostrowskatv.pl\/index.php?rest_route=%2Fwp%2Fv2%2Fcategories&post=4070"},{"taxonomy":"post_tag","embeddable":true,"href":"https:\/\/ostrowskatv.pl\/index.php?rest_route=%2Fwp%2Fv2%2Ftags&post=4070"}],"curies":[{"name":"wp","href":"https:\/\/api.w.org\/{rel}","templated":true}]}}