{"id":407,"date":"2016-02-19T12:17:31","date_gmt":"2016-02-19T11:17:31","guid":{"rendered":"http:\/\/ostrowska.tv\/?p=407"},"modified":"2016-02-19T12:17:31","modified_gmt":"2016-02-19T11:17:31","slug":"beda-mierzyc-zanieczyszczenie-powietrza-w-ostrowie","status":"publish","type":"post","link":"https:\/\/ostrowskatv.pl\/?p=407","title":{"rendered":"B\u0119d\u0105 mierzy\u0107 zanieczyszczenie powietrza w Ostrowie?"},"content":{"rendered":"<p><strong>Radny Andrzej Kornaszewski apeluje do w\u0142adz miasta o podj\u0119cie stara\u0144 w sprawie zamontowania w Ostrowie nowoczesnej stacji pomiar\u00f3w zanieczyszcze\u0144 powietrza.<\/strong><\/p>\n<p>Mia\u0142aby ona zosta\u0107 ustawiona w rejonie najwi\u0119kszego zanieczyszczenia powietrza w okresie zimowym (przyk\u0142adowo w rejonie parceli zacharzewskich). &#8211; Przeprowadza\u0142aby ona regularne pomiary ska\u017cenia powietrza i w razie wyst\u0119puj\u0105cego zagro\u017cenia, w czasie rzeczywistym powiadamia\u0142a mieszka\u0144c\u00f3w, podobnie jak to czyni stacja zamontowana niedawno w Krakowie \u2013 przekonuje Andrzej Kornaszewski w swoim wpisie na portalu spo\u0142eczno\u015bciowym Facebook.<\/p>\n<p>Radny zwraca uwag\u0119, \u017ce jedyna ostrowska stacja jest przestarza\u0142a i ustawiona w rejonie o do\u015b\u0107 czystym powietrzu. &#8211; Wyniki jej pomiar\u00f3w mo\u017cemy pozna\u0107 z miesi\u0119cznym op\u00f3\u017anieniem, czyli dla cel\u00f3w statystycznych \u2013 zauwa\u017ca Kornaszewski.<\/p>\n<p>Sk\u0105d wzi\u0105\u0107 pieni\u0105dze na now\u0105 stacj\u0119? Radny uwa\u017ca, \u017ce mo\u017cliwe jest uzyskanie poka\u017anego dofinansowania. z Wojew\u00f3dzkiego Funduszu Ochrony \u015arodowiska w Poznaniu. &#8211; Konieczny jest jednak po\u015bpiech, bo WFO\u015a planuje og\u0142oszenie naboru wniosk\u00f3w na prze\u0142om marca i kwietnia tego roku. Zast\u0119pca prezydenta pan Ziemowit Borowczak zapewni\u0142 mnie, ze Urz\u0105d Miejski przyst\u0105pi do dzia\u0142ania w tej sprawie \u2013 dodaje Andrzej Kornaszewski.<\/p>\n<p>Czy apel radnego jest zasadny? W\u0142adze miasta powinny zrobi\u0107 wszystko, \u017ceby nowoczesna stacja diagnostyczna powsta\u0142a w Ostrowie Wielkopolskim? <strong>Zach<\/strong><strong>\u0119camy do wyra<\/strong><strong>\u017cania swoich opinii w komentarzach<\/strong>.<\/p>\n","protected":false},"excerpt":{"rendered":"Radny Andrzej Kornaszewski apeluje do w\u0142adz miasta o podj\u0119cie stara\u0144 w sprawie zamontowania w Ostrowie nowoczesnej stacji pomiar\u00f3w zanieczyszcze\u0144 powietrza. Mia\u0142aby ona zosta\u0107 \n<a class=\"moretag\" href=\"https:\/\/ostrowskatv.pl\/?p=407\"> [...]<\/a>","protected":false},"author":1,"featured_media":409,"comment_status":"open","ping_status":"open","sticky":false,"template":"","format":"standard","meta":{"footnotes":""},"categories":[1],"tags":[16],"class_list":["post-407","post","type-post","status-publish","format-standard","has-post-thumbnail","hentry","category-news","tag-radni"],"_links":{"self":[{"href":"https:\/\/ostrowskatv.pl\/index.php?rest_route=\/wp\/v2\/posts\/407","targetHints":{"allow":["GET"]}}],"collection":[{"href":"https:\/\/ostrowskatv.pl\/index.php?rest_route=\/wp\/v2\/posts"}],"about":[{"href":"https:\/\/ostrowskatv.pl\/index.php?rest_route=\/wp\/v2\/types\/post"}],"author":[{"embeddable":true,"href":"https:\/\/ostrowskatv.pl\/index.php?rest_route=\/wp\/v2\/users\/1"}],"replies":[{"embeddable":true,"href":"https:\/\/ostrowskatv.pl\/index.php?rest_route=%2Fwp%2Fv2%2Fcomments&post=407"}],"version-history":[{"count":0,"href":"https:\/\/ostrowskatv.pl\/index.php?rest_route=\/wp\/v2\/posts\/407\/revisions"}],"wp:featuredmedia":[{"embeddable":true,"href":"https:\/\/ostrowskatv.pl\/index.php?rest_route=\/wp\/v2\/media\/409"}],"wp:attachment":[{"href":"https:\/\/ostrowskatv.pl\/index.php?rest_route=%2Fwp%2Fv2%2Fmedia&parent=407"}],"wp:term":[{"taxonomy":"category","embeddable":true,"href":"https:\/\/ostrowskatv.pl\/index.php?rest_route=%2Fwp%2Fv2%2Fcategories&post=407"},{"taxonomy":"post_tag","embeddable":true,"href":"https:\/\/ostrowskatv.pl\/index.php?rest_route=%2Fwp%2Fv2%2Ftags&post=407"}],"curies":[{"name":"wp","href":"https:\/\/api.w.org\/{rel}","templated":true}]}}