{"id":4067,"date":"2017-06-12T16:48:21","date_gmt":"2017-06-12T15:48:21","guid":{"rendered":"http:\/\/ostrowska.tv\/?p=4067"},"modified":"2017-06-12T16:48:21","modified_gmt":"2017-06-12T15:48:21","slug":"komendant-policji-z-ostrowa-idzie-do-wroclawia","status":"publish","type":"post","link":"https:\/\/ostrowskatv.pl\/?p=4067","title":{"rendered":"Komendant policji z Ostrowa idzie do Wroc\u0142awia?"},"content":{"rendered":"<p><strong>Jak uda\u0142o nam si\u0119 nieoficjalnie dowiedzie\u0107, w czterech niezale\u017cnych \u017ar\u00f3d\u0142ach, w dniu 13 czerwca 2017 r. nast\u0105pi zmiana na stanowisku komendanta powiatowego policji w Ostrowie Wlkp. Zbigniew Raczak cztery lata kierowa\u0142 ostrowsk\u0105 komend\u0105.<\/strong><\/p>\n<p>We wtorek z samego rana ma najprawdopodobniej zosta\u0107 wdro\u017cony w \u017cycie &#8222;rozkaz&#8221; o powo\u0142aniu komendanta Zbigniewa Raczaka na kierownicze stanowisko w Komendzie Miejskiej Policji we Wroc\u0142awiu. Wakat na stanowiskach komendanta i zast\u0119pcy pojawi\u0142 si\u0119 w zwi\u0105zku z afer\u0105 Igora Stachowiaka, zmar\u0142ym na wroc\u0142awskiej komendzie, m.in. po u\u017cyciu paralizatora przez policjanta. Zdaniem przekaz\u00f3w medialnych Stachowiak mia\u0142 by\u0107 torturowany.<\/p>\n<p>Procedur\u0119 powo\u0142ania nowego komendanta miejskiego policji rozpoczyna Komendant Wojew\u00f3dzki, kt\u00f3ry sk\u0142ada taki wniosek. Inspektor Tomasz Trawi\u0144ski, komendant wojew\u00f3dzki we Wroc\u0142awiu t\u0119 funkcj\u0119 pe\u0142ni od ponad roku. Wcze\u015bniej by\u0142 komendantem wojew\u00f3dzkim w Poznaniu. Wtedy zapewne bli\u017cej pozna\u0142 Zbigniewa Raczaka.<\/p>\n<p>Gdy pojawi\u0142y si\u0119 wolne stanowiska kierownicze, Tomasz Trawi\u0144ski wskaza\u0142 zapewne zaufane sobie osoby. Czy najlepsze? Tu zdania na pewno b\u0119d\u0105 podzielone. Kontrowersje wzbudza\u0142 fakt, \u017ce syn komendanta Raczaka bardzo szybko realizowa\u0142 karier\u0119 w pionie kryminalnym gdy jego tata by\u0142 szefem komendy. Oczywi\u015bcie w\u0142adze wojew\u00f3dzkie nie widzia\u0142y w tym nic niestosownego. Inaczej t\u0119 spraw\u0119 postrzegali policjanci, kt\u00f3rzy czuli si\u0119 niesprawiedliwie traktowani.<\/p>\n<p>Zbigniew Raczak na koniec 2016 r. uzyska\u0142 wynagrodzenie roczne 128 tys. z\u0142. Na koncie zaoszcz\u0119dzi\u0142 raptem 6777 z\u0142.<\/p>\n<p>Pe\u0142ni\u0105cym obowi\u0105zki ma zosta\u0107 Piotr Wilkowski, obecny I zast\u0119pca Raczaka.<\/p>\n","protected":false},"excerpt":{"rendered":"Jak uda\u0142o nam si\u0119 nieoficjalnie dowiedzie\u0107, w czterech niezale\u017cnych \u017ar\u00f3d\u0142ach, w dniu 13 czerwca 2017 r. nast\u0105pi zmiana na stanowisku komendanta powiatowego policji \n<a class=\"moretag\" href=\"https:\/\/ostrowskatv.pl\/?p=4067\"> [...]<\/a>","protected":false},"author":1,"featured_media":4068,"comment_status":"open","ping_status":"open","sticky":false,"template":"","format":"standard","meta":{"footnotes":""},"categories":[1],"tags":[2],"class_list":["post-4067","post","type-post","status-publish","format-standard","has-post-thumbnail","hentry","category-news","tag-ostrow-wielkopolski"],"_links":{"self":[{"href":"https:\/\/ostrowskatv.pl\/index.php?rest_route=\/wp\/v2\/posts\/4067","targetHints":{"allow":["GET"]}}],"collection":[{"href":"https:\/\/ostrowskatv.pl\/index.php?rest_route=\/wp\/v2\/posts"}],"about":[{"href":"https:\/\/ostrowskatv.pl\/index.php?rest_route=\/wp\/v2\/types\/post"}],"author":[{"embeddable":true,"href":"https:\/\/ostrowskatv.pl\/index.php?rest_route=\/wp\/v2\/users\/1"}],"replies":[{"embeddable":true,"href":"https:\/\/ostrowskatv.pl\/index.php?rest_route=%2Fwp%2Fv2%2Fcomments&post=4067"}],"version-history":[{"count":0,"href":"https:\/\/ostrowskatv.pl\/index.php?rest_route=\/wp\/v2\/posts\/4067\/revisions"}],"wp:featuredmedia":[{"embeddable":true,"href":"https:\/\/ostrowskatv.pl\/index.php?rest_route=\/wp\/v2\/media\/4068"}],"wp:attachment":[{"href":"https:\/\/ostrowskatv.pl\/index.php?rest_route=%2Fwp%2Fv2%2Fmedia&parent=4067"}],"wp:term":[{"taxonomy":"category","embeddable":true,"href":"https:\/\/ostrowskatv.pl\/index.php?rest_route=%2Fwp%2Fv2%2Fcategories&post=4067"},{"taxonomy":"post_tag","embeddable":true,"href":"https:\/\/ostrowskatv.pl\/index.php?rest_route=%2Fwp%2Fv2%2Ftags&post=4067"}],"curies":[{"name":"wp","href":"https:\/\/api.w.org\/{rel}","templated":true}]}}