{"id":403,"date":"2016-02-19T12:08:55","date_gmt":"2016-02-19T11:08:55","guid":{"rendered":"http:\/\/ostrowska.tv\/?p=403"},"modified":"2016-02-19T12:09:12","modified_gmt":"2016-02-19T11:09:12","slug":"bedzie-winda-w-szkole-koszt-to-ponad-100-tysiecy-zlotych","status":"publish","type":"post","link":"https:\/\/ostrowskatv.pl\/?p=403","title":{"rendered":"B\u0119dzie winda w szkole. Koszt to ponad 100 tysi\u0119cy z\u0142otych"},"content":{"rendered":"<p><strong>Komisja Dzia\u0142alno\u015bci Gospodarczej, \u0141adu Przestrzennego i Gospodarki Gruntami pozytywnie zaopiniowa\u0142a zmiany w bud\u017cecie na 2016 rok. To dobra wiadomo\u015b\u0107 mi\u0119dzy innymi dla Szko\u0142y Podstawowej numer 5 w Ostrowie Wielkopolskim.<\/strong><\/p>\n<p>Jedna ze zmian dotyczy zwi\u0119kszenia o 60 tysi\u0119cy z\u0142otych nak\u0142ad\u00f3w na realizacj\u0119 zadania &#8222;Budowa windy dla uczni\u00f3w z niepe\u0142nosprawno\u015bci\u0105 ruchow\u0105&#8221;. Ma ona powsta\u0107 w Szkole Podstawowej numer 5. Wspomniana kwota b\u0119dzie pochodzi\u0107 z wolnych \u015brodk\u00f3w. Koszt ca\u0142ej inwestycji szacowany jest na 110-130 tysi\u0119cy z\u0142otych. Sk\u0105d b\u0119dzie zatem pochodzi\u0107 reszta pieni\u0119dzy?<\/p>\n<p>Brakuj\u0105c\u0105 cz\u0119\u015b\u0107 ma dorzuci\u0107 Pa\u0144stwowy Fundusz Rehabilitacji Os\u00f3b Niepe\u0142nosprawnych (PFRON). Ostrowscy radni s\u0105 przekonani, \u017ce inwestycja ma sens. Podczas komisji wszyscy podnie\u015bli za ni\u0105 r\u0119k\u0119. Teraz to samo musi wydarzy\u0107 si\u0119 na najbli\u017cszej Sesji Rady Miejskiej. A ta ma odby\u0107 si\u0119 ju\u017c w \u015brod\u0119.<\/p>\n<p><strong>Czy winda dla os\u00f3b niepe\u0142nosprawnych jest potrzebna w SP5? Zach\u0119camy do dyskusji w komentarzach.<\/strong><\/p>\n","protected":false},"excerpt":{"rendered":"Komisja Dzia\u0142alno\u015bci Gospodarczej, \u0141adu Przestrzennego i Gospodarki Gruntami pozytywnie zaopiniowa\u0142a zmiany w bud\u017cecie na 2016 rok. To dobra wiadomo\u015b\u0107 mi\u0119dzy innymi dla Szko\u0142y \n<a class=\"moretag\" href=\"https:\/\/ostrowskatv.pl\/?p=403\"> [...]<\/a>","protected":false},"author":1,"featured_media":404,"comment_status":"open","ping_status":"open","sticky":false,"template":"","format":"standard","meta":{"footnotes":""},"categories":[1],"tags":[13],"class_list":["post-403","post","type-post","status-publish","format-standard","has-post-thumbnail","hentry","category-news","tag-szkola"],"_links":{"self":[{"href":"https:\/\/ostrowskatv.pl\/index.php?rest_route=\/wp\/v2\/posts\/403","targetHints":{"allow":["GET"]}}],"collection":[{"href":"https:\/\/ostrowskatv.pl\/index.php?rest_route=\/wp\/v2\/posts"}],"about":[{"href":"https:\/\/ostrowskatv.pl\/index.php?rest_route=\/wp\/v2\/types\/post"}],"author":[{"embeddable":true,"href":"https:\/\/ostrowskatv.pl\/index.php?rest_route=\/wp\/v2\/users\/1"}],"replies":[{"embeddable":true,"href":"https:\/\/ostrowskatv.pl\/index.php?rest_route=%2Fwp%2Fv2%2Fcomments&post=403"}],"version-history":[{"count":0,"href":"https:\/\/ostrowskatv.pl\/index.php?rest_route=\/wp\/v2\/posts\/403\/revisions"}],"wp:featuredmedia":[{"embeddable":true,"href":"https:\/\/ostrowskatv.pl\/index.php?rest_route=\/wp\/v2\/media\/404"}],"wp:attachment":[{"href":"https:\/\/ostrowskatv.pl\/index.php?rest_route=%2Fwp%2Fv2%2Fmedia&parent=403"}],"wp:term":[{"taxonomy":"category","embeddable":true,"href":"https:\/\/ostrowskatv.pl\/index.php?rest_route=%2Fwp%2Fv2%2Fcategories&post=403"},{"taxonomy":"post_tag","embeddable":true,"href":"https:\/\/ostrowskatv.pl\/index.php?rest_route=%2Fwp%2Fv2%2Ftags&post=403"}],"curies":[{"name":"wp","href":"https:\/\/api.w.org\/{rel}","templated":true}]}}