{"id":401,"date":"2016-02-18T12:10:22","date_gmt":"2016-02-18T11:10:22","guid":{"rendered":"http:\/\/ostrowska.tv\/?p=401"},"modified":"2016-02-18T12:10:22","modified_gmt":"2016-02-18T11:10:22","slug":"rodzina-500-plus-miasto-zatrudni-nowych-urzednikow","status":"publish","type":"post","link":"https:\/\/ostrowskatv.pl\/?p=401","title":{"rendered":"&#8222;Rodzina 500 plus&#8221;: Miasto zatrudni nowych urz\u0119dnik\u00f3w"},"content":{"rendered":"<p><strong>1 kwietnia ma ruszy\u0107 wyp\u0142ata 500 z\u0142 na dziecko. Przygotowuje si\u0119 do niej r\u00f3wnie\u017c Ostr\u00f3w Wielkopolski. Ju\u017c teraz wiadomo, \u017ce miasto b\u0119dzie musia\u0142o zatrudni\u0107 nowych urz\u0119dnik\u00f3w.<\/strong><\/p>\n<p>W Ostrowie Wielkopolskim dzieci do 18 lat jest 11706. &#8211; Przypuszczalna liczba rodzin mog\u0105cych skorzysta\u0107 z programu \u201eRodzina 500+\u201d wynosi 6000 &#8211; informuje nas Artur Ko\u0142aci\u0144ski z Biura Prasowego Urz\u0119du Miejskiego w Ostrowie Wielkopolskim. Przypomnimy, \u017ce program b\u0119dzie realizowany przez gminy, ale te mog\u0105 zleci\u0107 zadanie swoim jednostkom. W Ostrowie Wielkopolskim wyp\u0142at\u0105 \u015bwiadcze\u0144 ma zaj\u0105\u0107 si\u0119 si\u0119 Miejski O\u015brodek Pomocy Spo\u0142ecznej.<\/p>\n<p>W &#8222;Ocenie skutk\u00f3w regulacji&#8221; do\u0142\u0105czonej do projektu ustawy 500 plus pojawi\u0142 si\u0119 zapis, \u017ce jej realizacja mo\u017ce spowodowa\u0107 wzrost zatrudnienia w samorz\u0105dach. Wyliczono, \u017ce b\u0119dzie to blisko 7 tys. etat\u00f3w wi\u0119cej. Jakie zmiany nast\u0105pi\u0105 pod tym wzgl\u0119dem w naszym mie\u015bcie? &#8211; W Ostrowie szacujemy, \u017ce konieczne b\u0119dzie utworzenie 6-7 etat\u00f3w &#8211; wyja\u015bnia Artur Ko\u0142aci\u0144ski.<\/p>\n<p>Program &#8222;Rodzina 500 plus&#8221; zak\u0142ada wyp\u0142at\u0119 \u015bwiadczenia w wysoko\u015bci 500 z\u0142otych miesi\u0119cznie na drugie i kolejne dziecko (przy niskim kryterium dochodowym oraz w przypadku rodzin z dzieckiem niepe\u0142nosprawnym r\u00f3wnie\u017c na pierwsze dziecko).<\/p>\n","protected":false},"excerpt":{"rendered":"1 kwietnia ma ruszy\u0107 wyp\u0142ata 500 z\u0142 na dziecko. Przygotowuje si\u0119 do niej r\u00f3wnie\u017c Ostr\u00f3w Wielkopolski. Ju\u017c teraz wiadomo, \u017ce miasto b\u0119dzie musia\u0142o \n<a class=\"moretag\" href=\"https:\/\/ostrowskatv.pl\/?p=401\"> [...]<\/a>","protected":false},"author":1,"featured_media":76,"comment_status":"open","ping_status":"open","sticky":false,"template":"","format":"standard","meta":{"footnotes":""},"categories":[1],"tags":[50],"class_list":["post-401","post","type-post","status-publish","format-standard","has-post-thumbnail","hentry","category-news","tag-urzad"],"_links":{"self":[{"href":"https:\/\/ostrowskatv.pl\/index.php?rest_route=\/wp\/v2\/posts\/401","targetHints":{"allow":["GET"]}}],"collection":[{"href":"https:\/\/ostrowskatv.pl\/index.php?rest_route=\/wp\/v2\/posts"}],"about":[{"href":"https:\/\/ostrowskatv.pl\/index.php?rest_route=\/wp\/v2\/types\/post"}],"author":[{"embeddable":true,"href":"https:\/\/ostrowskatv.pl\/index.php?rest_route=\/wp\/v2\/users\/1"}],"replies":[{"embeddable":true,"href":"https:\/\/ostrowskatv.pl\/index.php?rest_route=%2Fwp%2Fv2%2Fcomments&post=401"}],"version-history":[{"count":0,"href":"https:\/\/ostrowskatv.pl\/index.php?rest_route=\/wp\/v2\/posts\/401\/revisions"}],"wp:featuredmedia":[{"embeddable":true,"href":"https:\/\/ostrowskatv.pl\/index.php?rest_route=\/wp\/v2\/media\/76"}],"wp:attachment":[{"href":"https:\/\/ostrowskatv.pl\/index.php?rest_route=%2Fwp%2Fv2%2Fmedia&parent=401"}],"wp:term":[{"taxonomy":"category","embeddable":true,"href":"https:\/\/ostrowskatv.pl\/index.php?rest_route=%2Fwp%2Fv2%2Fcategories&post=401"},{"taxonomy":"post_tag","embeddable":true,"href":"https:\/\/ostrowskatv.pl\/index.php?rest_route=%2Fwp%2Fv2%2Ftags&post=401"}],"curies":[{"name":"wp","href":"https:\/\/api.w.org\/{rel}","templated":true}]}}