{"id":397,"date":"2016-02-18T11:42:14","date_gmt":"2016-02-18T10:42:14","guid":{"rendered":"http:\/\/ostrowska.tv\/?p=397"},"modified":"2016-02-18T11:42:14","modified_gmt":"2016-02-18T10:42:14","slug":"podsumowali-11-edycje-funduszu-grantowego","status":"publish","type":"post","link":"https:\/\/ostrowskatv.pl\/?p=397","title":{"rendered":"Podsumowali 11. edycj\u0119 Funduszu Grantowego"},"content":{"rendered":"<p><strong><span class=\"null\">W \u015brod\u0119 w ostrowskiej Synagodze odby\u0142o si\u0119 podsumowanie 11. Edycji Konkursu Grantowego. Kolejna startuje ju\u017c wkr\u00f3tce. Warto zapozna\u0107 si\u0119 z jej szczeg\u00f3\u0142ami, bo w regulaminie dosz\u0142o do kilku istotnych zmian. Wniosk\u00f3w jest nieco mniej ni\u017c przed rokiem, ale w dalszym ci\u0105gu nie brakuje innowacyjnych pomys\u0142\u00f3w. Wi\u0119cej na ten temat w naszym materiale wideo. O szczeg\u00f3\u0142ach opowiedzia\u0142a prezes Karolina Krawczyk.<\/span><\/strong><\/p>\n<div style=\"width: 640px;\" class=\"wp-video\"><video class=\"wp-video-shortcode\" id=\"video-397-1\" width=\"640\" height=\"360\" preload=\"metadata\" controls=\"controls\"><source type=\"video\/mp4\" src=\"http:\/\/ostrowska.tv\/wp-content\/uploads\/2016\/02\/fundusz-grantowy-podsumowanie-11.mp4?_=1\" \/><a href=\"http:\/\/ostrowska.tv\/wp-content\/uploads\/2016\/02\/fundusz-grantowy-podsumowanie-11.mp4\">http:\/\/ostrowska.tv\/wp-content\/uploads\/2016\/02\/fundusz-grantowy-podsumowanie-11.mp4<\/a><\/video><\/div>\n<p>&nbsp;<\/p>\n","protected":false},"excerpt":{"rendered":"W \u015brod\u0119 w ostrowskiej Synagodze odby\u0142o si\u0119 podsumowanie 11. Edycji Konkursu Grantowego. Kolejna startuje ju\u017c wkr\u00f3tce. Warto zapozna\u0107 si\u0119 z jej szczeg\u00f3\u0142ami, bo \n<a class=\"moretag\" href=\"https:\/\/ostrowskatv.pl\/?p=397\"> [...]<\/a>","protected":false},"author":1,"featured_media":398,"comment_status":"open","ping_status":"open","sticky":false,"template":"","format":"standard","meta":{"footnotes":""},"categories":[1],"tags":[49],"class_list":["post-397","post","type-post","status-publish","format-standard","has-post-thumbnail","hentry","category-news","tag-fundusz-grantowy"],"_links":{"self":[{"href":"https:\/\/ostrowskatv.pl\/index.php?rest_route=\/wp\/v2\/posts\/397","targetHints":{"allow":["GET"]}}],"collection":[{"href":"https:\/\/ostrowskatv.pl\/index.php?rest_route=\/wp\/v2\/posts"}],"about":[{"href":"https:\/\/ostrowskatv.pl\/index.php?rest_route=\/wp\/v2\/types\/post"}],"author":[{"embeddable":true,"href":"https:\/\/ostrowskatv.pl\/index.php?rest_route=\/wp\/v2\/users\/1"}],"replies":[{"embeddable":true,"href":"https:\/\/ostrowskatv.pl\/index.php?rest_route=%2Fwp%2Fv2%2Fcomments&post=397"}],"version-history":[{"count":0,"href":"https:\/\/ostrowskatv.pl\/index.php?rest_route=\/wp\/v2\/posts\/397\/revisions"}],"wp:featuredmedia":[{"embeddable":true,"href":"https:\/\/ostrowskatv.pl\/index.php?rest_route=\/wp\/v2\/media\/398"}],"wp:attachment":[{"href":"https:\/\/ostrowskatv.pl\/index.php?rest_route=%2Fwp%2Fv2%2Fmedia&parent=397"}],"wp:term":[{"taxonomy":"category","embeddable":true,"href":"https:\/\/ostrowskatv.pl\/index.php?rest_route=%2Fwp%2Fv2%2Fcategories&post=397"},{"taxonomy":"post_tag","embeddable":true,"href":"https:\/\/ostrowskatv.pl\/index.php?rest_route=%2Fwp%2Fv2%2Ftags&post=397"}],"curies":[{"name":"wp","href":"https:\/\/api.w.org\/{rel}","templated":true}]}}