{"id":3966,"date":"2017-05-30T21:27:33","date_gmt":"2017-05-30T20:27:33","guid":{"rendered":"http:\/\/ostrowska.tv\/?p=3966"},"modified":"2017-05-30T21:27:33","modified_gmt":"2017-05-30T20:27:33","slug":"brama-smierci-kontrowersje-po-wypadku-motocyklisty","status":"publish","type":"post","link":"https:\/\/ostrowskatv.pl\/?p=3966","title":{"rendered":"Brama \u015bmierci? Kontrowersje po wypadku motocyklisty"},"content":{"rendered":"<div class=\"news-lead\"><strong>W miejscu wypadku 25-letniego motocyklisty stoj\u0105 zapalone znicze, a tak\u017ce symboliczny krzy\u017c z opon\u0105 od motocykla. Po \u015bmiertelnym wypadku motocyklisty, do kt\u00f3rego dosz\u0142o w sobot\u0119, pojawi\u0142o si\u0119 wiele kontrowersji. S\u0105 one zwi\u0105zane z tzw. &#8222;bram\u0105 \u015bmierci&#8221; &#8211; czyli miejscem s\u0142u\u017c\u0105cym do przejazdu pomi\u0119dzy drog\u0105 serwisow\u0105, a obwodnic\u0105 Ostrowa Wlkp. Znajduje si\u0119 ona przy wiadukcie przy wsi Karski, nieopodal Piask\u00f3w-Szczygliczki.<\/strong><\/div>\n<div class=\"news-lead\"><\/div>\n<div class=\"news-lead\">Bramka od samego pocz\u0105tku s\u0142u\u017cy\u0142a wielu kierowcom do skracania sobie drogi. Nie ka\u017cdy z jej u\u017cytkownik\u00f3w zamyka\u0142 j\u0105 za sob\u0105. Z czasem zacz\u0119to stosowa\u0107 zabezpieczenia. Pocz\u0105wszy od \u0142a\u0144cucha z k\u0142\u00f3dk\u0105, a sko\u0144czywszy na zaspawaniu jej. Ostatecznie zak\u0142adaj\u0105cy blokady da\u0142 za wygran\u0105, a rzesze kierowc\u00f3w korzysta\u0142o z tego nieoficjalnego skr\u00f3tu.<\/div>\n<div class=\"news-lead\"><\/div>\n<div class=\"news-lead\">Do tej pory dosz\u0142o tu ju\u017c do wypadku samochod\u00f3w osobowych, kiedy to jeden z kierowc\u00f3w chcia\u0142 skr\u00f3ci\u0107 sobie drog\u0119, a nast\u0119pny postanowi\u0142 go wyprzedzi\u0107. W\u00f3wczas sko\u0144czy\u0142o si\u0119 na mocno uszkodzonych pojazdach i wizycie w szpitalu. Ostatni, tragiczny wypadek m\u0142odego motocyklisty wywo\u0142a\u0142 wiele emocji. Najcz\u0119\u015bciej g\u0142os zabierali Ci, kt\u00f3rzy czuli wielk\u0105 strat\u0119 po 25-latku, ale te\u017c nigdy nie korzystali z tego zjazdu.<\/div>\n<div class=\"news-lead\"><\/div>\n<div class=\"news-lead\">Lech Szyma\u0144ski, le\u015bniczy le\u015bnictwa Nowy Staw, postanowi\u0142 nagra\u0107 emocjonalny film, kt\u00f3ry opublikowa\u0142 na swoim profilu na Facebooku. Przedstawi\u0142 w nim fakt, \u017ce 29 maja o godzinie 7:48 kto\u015b zostawi\u0142 otwart\u0105 bram\u0119. Sprawc\u0119 tego incydentu nazwa\u0142 idiot\u0105. Pozostawienie otwartej bramy mo\u017ce spowodowa\u0107 wyj\u015bcie dzikiego zwierz\u0119cia na drog\u0119 szybkiego ruchu i doprowadzenie do kolejnej tragedii.<\/div>\n<div class=\"news-lead\"><\/div>\n<div class=\"news-lead\">Obecnie GDDKiA postawi\u0142y dwie barierki, kt\u00f3re \u0142atwo b\u0119dzie komu\u015b przestawi\u0107. Na sprawdzenie skuteczno\u015bci tego rozwi\u0105zania b\u0119dzie trzeba poczeka\u0107 kilkadziesi\u0105t godzin.<\/div>\n<div class=\"news-lead\"><\/div>\n<div class=\"news-lead\">\n<div id='gallery-1' class='gallery galleryid-3966 gallery-columns-3 gallery-size-thumbnail'><figure class='gallery-item'>\n\t\t\t<div class='gallery-icon landscape'>\n\t\t\t\t<a href='https:\/\/ostrowskatv.pl\/?attachment_id=3969'><img loading=\"lazy\" decoding=\"async\" width=\"150\" height=\"150\" src=\"https:\/\/ostrowskatv.pl\/wp-content\/uploads\/2017\/05\/20170530_211555-150x150.jpg\" class=\"attachment-thumbnail size-thumbnail\" alt=\"\" \/><\/a>\n\t\t\t<\/div><\/figure><figure class='gallery-item'>\n\t\t\t<div class='gallery-icon landscape'>\n\t\t\t\t<a href='https:\/\/ostrowskatv.pl\/?attachment_id=3968'><img loading=\"lazy\" decoding=\"async\" width=\"150\" height=\"150\" src=\"https:\/\/ostrowskatv.pl\/wp-content\/uploads\/2017\/05\/20170530_211649-150x150.jpg\" class=\"attachment-thumbnail size-thumbnail\" alt=\"\" \/><\/a>\n\t\t\t<\/div><\/figure><figure class='gallery-item'>\n\t\t\t<div class='gallery-icon landscape'>\n\t\t\t\t<a href='https:\/\/ostrowskatv.pl\/?attachment_id=3967'><img loading=\"lazy\" decoding=\"async\" width=\"150\" height=\"150\" src=\"https:\/\/ostrowskatv.pl\/wp-content\/uploads\/2017\/05\/20170530_211618-150x150.jpg\" class=\"attachment-thumbnail size-thumbnail\" alt=\"\" \/><\/a>\n\t\t\t<\/div><\/figure>\n\t\t<\/div>\n\n<\/div>\n","protected":false},"excerpt":{"rendered":"W miejscu wypadku 25-letniego motocyklisty stoj\u0105 zapalone znicze, a tak\u017ce symboliczny krzy\u017c z opon\u0105 od motocykla. Po \u015bmiertelnym wypadku motocyklisty, do kt\u00f3rego dosz\u0142o \n<a class=\"moretag\" href=\"https:\/\/ostrowskatv.pl\/?p=3966\"> [...]<\/a>","protected":false},"author":1,"featured_media":3967,"comment_status":"open","ping_status":"open","sticky":false,"template":"","format":"standard","meta":{"footnotes":""},"categories":[1],"tags":[2],"class_list":["post-3966","post","type-post","status-publish","format-standard","has-post-thumbnail","hentry","category-news","tag-ostrow-wielkopolski"],"_links":{"self":[{"href":"https:\/\/ostrowskatv.pl\/index.php?rest_route=\/wp\/v2\/posts\/3966","targetHints":{"allow":["GET"]}}],"collection":[{"href":"https:\/\/ostrowskatv.pl\/index.php?rest_route=\/wp\/v2\/posts"}],"about":[{"href":"https:\/\/ostrowskatv.pl\/index.php?rest_route=\/wp\/v2\/types\/post"}],"author":[{"embeddable":true,"href":"https:\/\/ostrowskatv.pl\/index.php?rest_route=\/wp\/v2\/users\/1"}],"replies":[{"embeddable":true,"href":"https:\/\/ostrowskatv.pl\/index.php?rest_route=%2Fwp%2Fv2%2Fcomments&post=3966"}],"version-history":[{"count":0,"href":"https:\/\/ostrowskatv.pl\/index.php?rest_route=\/wp\/v2\/posts\/3966\/revisions"}],"wp:featuredmedia":[{"embeddable":true,"href":"https:\/\/ostrowskatv.pl\/index.php?rest_route=\/wp\/v2\/media\/3967"}],"wp:attachment":[{"href":"https:\/\/ostrowskatv.pl\/index.php?rest_route=%2Fwp%2Fv2%2Fmedia&parent=3966"}],"wp:term":[{"taxonomy":"category","embeddable":true,"href":"https:\/\/ostrowskatv.pl\/index.php?rest_route=%2Fwp%2Fv2%2Fcategories&post=3966"},{"taxonomy":"post_tag","embeddable":true,"href":"https:\/\/ostrowskatv.pl\/index.php?rest_route=%2Fwp%2Fv2%2Ftags&post=3966"}],"curies":[{"name":"wp","href":"https:\/\/api.w.org\/{rel}","templated":true}]}}