{"id":3955,"date":"2017-05-29T13:15:53","date_gmt":"2017-05-29T12:15:53","guid":{"rendered":"http:\/\/ostrowska.tv\/?p=3955"},"modified":"2017-05-29T13:15:53","modified_gmt":"2017-05-29T12:15:53","slug":"zderzenie-makowa-konopna","status":"publish","type":"post","link":"https:\/\/ostrowskatv.pl\/?p=3955","title":{"rendered":"Zderzenie Makowa-Konopna"},"content":{"rendered":"<p><strong>Na skrzy\u017cowaniu ulic Konopna\/Makowa w Ostrowie Wlkp. dosz\u0142o do kolejnego zdarzenia. Tym razem zderzy\u0142 si\u0119 samoch\u00f3d osobowy z samochodem dostawczym. M\u0142ody kierowca samochodu Rover jad\u0105c od strony ul. Krotoszy\u0144skiej nie zauwa\u017cy\u0142 znaku ust\u0105p pierwsze\u0144stwa. Doprowadzi\u0142 do zderzenia z Volkswagenem Caddy. Kierowcom obu aut nic si\u0119 nie sta\u0142o.<\/strong><\/p>\n<p>Jak twierdz\u0105 okoliczni mieszka\u0144cy, to skrzy\u017cowanie nale\u017cy do szczeg\u00f3lnie niebezpiecznych. Wielokrotnie widzieli jak kierowcy przeje\u017cd\u017caj\u0105 ulic\u0105 Makow\u0105 nawet nie zwalniaj\u0105c. Zg\u0142aszali r\u00f3wnie\u017c swoje uwagi do dyrektora Miejskiego Zarz\u0105du Dr\u00f3g. Ten przekierowywa\u0142 do policji, a obecny funkcjonariusz drog\u00f3wki odes\u0142a\u0142 do swojego naczelnika. Mieszka\u0144cy oczekuj\u0105 zamontowania wypuk\u0142ych pas\u00f3w zwracaj\u0105cych uwag\u0119 kierowc\u00f3w na obowi\u0105zuj\u0105c\u0105 zmian\u0119 pierwsze\u0144stwa.<\/p>\n<div id='gallery-1' class='gallery galleryid-3955 gallery-columns-3 gallery-size-thumbnail'><figure class='gallery-item'>\n\t\t\t<div class='gallery-icon landscape'>\n\t\t\t\t<a href='https:\/\/ostrowskatv.pl\/?attachment_id=3956'><img loading=\"lazy\" decoding=\"async\" width=\"150\" height=\"150\" src=\"https:\/\/ostrowskatv.pl\/wp-content\/uploads\/2017\/05\/20170529_102825-150x150.jpg\" class=\"attachment-thumbnail size-thumbnail\" alt=\"\" \/><\/a>\n\t\t\t<\/div><\/figure><figure class='gallery-item'>\n\t\t\t<div class='gallery-icon landscape'>\n\t\t\t\t<a href='https:\/\/ostrowskatv.pl\/?attachment_id=3957'><img loading=\"lazy\" decoding=\"async\" width=\"150\" height=\"150\" src=\"https:\/\/ostrowskatv.pl\/wp-content\/uploads\/2017\/05\/20170529_102803-150x150.jpg\" class=\"attachment-thumbnail size-thumbnail\" alt=\"\" \/><\/a>\n\t\t\t<\/div><\/figure><figure class='gallery-item'>\n\t\t\t<div class='gallery-icon landscape'>\n\t\t\t\t<a href='https:\/\/ostrowskatv.pl\/?attachment_id=3958'><img loading=\"lazy\" decoding=\"async\" width=\"150\" height=\"150\" src=\"https:\/\/ostrowskatv.pl\/wp-content\/uploads\/2017\/05\/20170529_102303-150x150.jpg\" class=\"attachment-thumbnail size-thumbnail\" alt=\"\" \/><\/a>\n\t\t\t<\/div><\/figure><figure class='gallery-item'>\n\t\t\t<div class='gallery-icon landscape'>\n\t\t\t\t<a href='https:\/\/ostrowskatv.pl\/?attachment_id=3959'><img loading=\"lazy\" decoding=\"async\" width=\"150\" height=\"150\" src=\"https:\/\/ostrowskatv.pl\/wp-content\/uploads\/2017\/05\/20170529_102257-150x150.jpg\" class=\"attachment-thumbnail size-thumbnail\" alt=\"\" \/><\/a>\n\t\t\t<\/div><\/figure>\n\t\t<\/div>\n\n","protected":false},"excerpt":{"rendered":"Na skrzy\u017cowaniu ulic Konopna\/Makowa w Ostrowie Wlkp. dosz\u0142o do kolejnego zdarzenia. Tym razem zderzy\u0142 si\u0119 samoch\u00f3d osobowy z samochodem dostawczym. M\u0142ody kierowca samochodu \n<a class=\"moretag\" href=\"https:\/\/ostrowskatv.pl\/?p=3955\"> [...]<\/a>","protected":false},"author":1,"featured_media":3957,"comment_status":"open","ping_status":"open","sticky":false,"template":"","format":"standard","meta":{"footnotes":""},"categories":[1],"tags":[2],"class_list":["post-3955","post","type-post","status-publish","format-standard","has-post-thumbnail","hentry","category-news","tag-ostrow-wielkopolski"],"_links":{"self":[{"href":"https:\/\/ostrowskatv.pl\/index.php?rest_route=\/wp\/v2\/posts\/3955","targetHints":{"allow":["GET"]}}],"collection":[{"href":"https:\/\/ostrowskatv.pl\/index.php?rest_route=\/wp\/v2\/posts"}],"about":[{"href":"https:\/\/ostrowskatv.pl\/index.php?rest_route=\/wp\/v2\/types\/post"}],"author":[{"embeddable":true,"href":"https:\/\/ostrowskatv.pl\/index.php?rest_route=\/wp\/v2\/users\/1"}],"replies":[{"embeddable":true,"href":"https:\/\/ostrowskatv.pl\/index.php?rest_route=%2Fwp%2Fv2%2Fcomments&post=3955"}],"version-history":[{"count":0,"href":"https:\/\/ostrowskatv.pl\/index.php?rest_route=\/wp\/v2\/posts\/3955\/revisions"}],"wp:featuredmedia":[{"embeddable":true,"href":"https:\/\/ostrowskatv.pl\/index.php?rest_route=\/wp\/v2\/media\/3957"}],"wp:attachment":[{"href":"https:\/\/ostrowskatv.pl\/index.php?rest_route=%2Fwp%2Fv2%2Fmedia&parent=3955"}],"wp:term":[{"taxonomy":"category","embeddable":true,"href":"https:\/\/ostrowskatv.pl\/index.php?rest_route=%2Fwp%2Fv2%2Fcategories&post=3955"},{"taxonomy":"post_tag","embeddable":true,"href":"https:\/\/ostrowskatv.pl\/index.php?rest_route=%2Fwp%2Fv2%2Ftags&post=3955"}],"curies":[{"name":"wp","href":"https:\/\/api.w.org\/{rel}","templated":true}]}}