{"id":3935,"date":"2017-05-27T23:34:06","date_gmt":"2017-05-27T22:34:06","guid":{"rendered":"http:\/\/ostrowska.tv\/?p=3935"},"modified":"2017-05-27T23:35:02","modified_gmt":"2017-05-27T22:35:02","slug":"smiertelny-wypadek-w-pardalinie","status":"publish","type":"post","link":"https:\/\/ostrowskatv.pl\/?p=3935","title":{"rendered":"\u015amiertelny wypadek w Pardalinie"},"content":{"rendered":"<p><strong>W sobot\u0119 po godzinie 22:30 na trasie Przygodzice &#8211; Jank\u00f3w Przygodzki przez Pardalin dosz\u0142o do \u015bmiertelnego wypadku. Ze wst\u0119pnych ustale\u0144 wynika, \u017ce granatowe Renault Megane jad\u0105ce od strony Przygodzic, na \u0142uku drogi, wyjecha\u0142o na zewn\u0105trz w stron\u0119 lasu. Tam osob\u00f3wka, po otarciu si\u0119 o drzewa,\u00a0 dachowa\u0142a. Ca\u0142e zdarzenie widzia\u0142o m\u0142ode ma\u0142\u017ce\u0144stwo z 4-letnim synkiem jad\u0105cy z przeciwka.<\/strong><\/p>\n<p>Natychmiast pr\u00f3bowali udzieli\u0107 pomocy, ale podr\u00f3\u017cuj\u0105cy byli uwi\u0119zieni. Nagle jeden z m\u0119\u017cczyzn wyszed\u0142 i oddali\u0142 si\u0119 w g\u0142\u0105b lasu. To mieszkaniec wsi Chynowa. Pozosta\u0142e 3 osoby, to kobieta oraz dw\u00f3ch innych m\u0119\u017cczyzn. Jeden z nich zgin\u0105\u0142 na miejscu, a drugi mia\u0142 szereg og\u00f3lnych obra\u017ce\u0144. Natomiast kobieta musia\u0142a by\u0107 mocno ranna, poniewa\u017c przez d\u0142ugie minuty krzycza\u0142a z b\u00f3lu.<\/p>\n<p>Stra\u017cacy po udzieleniu pierwszej pomocy, postanowili poszuka\u0107 m\u0119\u017cczyzny, kt\u00f3ry si\u0119 oddali\u0142. Ostrowscy stra\u017cacy wsp\u00f3lnie z ochotnikami z Jankowa Przygodzkiego i Przygodzic weszli w las. Ostatecznie to funkcjonariusze policji namierzyli poszukiwanego na terenie Przygodzic.<\/p>\n<div id='gallery-1' class='gallery galleryid-3935 gallery-columns-3 gallery-size-thumbnail'><figure class='gallery-item'>\n\t\t\t<div class='gallery-icon landscape'>\n\t\t\t\t<a href='https:\/\/ostrowskatv.pl\/?attachment_id=3936'><img loading=\"lazy\" decoding=\"async\" width=\"150\" height=\"150\" src=\"https:\/\/ostrowskatv.pl\/wp-content\/uploads\/2017\/05\/20170527_232656-150x150.jpg\" class=\"attachment-thumbnail size-thumbnail\" alt=\"\" \/><\/a>\n\t\t\t<\/div><\/figure><figure class='gallery-item'>\n\t\t\t<div class='gallery-icon portrait'>\n\t\t\t\t<a href='https:\/\/ostrowskatv.pl\/?attachment_id=3937'><img loading=\"lazy\" decoding=\"async\" width=\"150\" height=\"150\" src=\"https:\/\/ostrowskatv.pl\/wp-content\/uploads\/2017\/05\/20170527_232619-150x150.jpg\" class=\"attachment-thumbnail size-thumbnail\" alt=\"\" \/><\/a>\n\t\t\t<\/div><\/figure><figure class='gallery-item'>\n\t\t\t<div class='gallery-icon landscape'>\n\t\t\t\t<a href='https:\/\/ostrowskatv.pl\/?attachment_id=3938'><img loading=\"lazy\" decoding=\"async\" width=\"150\" height=\"150\" src=\"https:\/\/ostrowskatv.pl\/wp-content\/uploads\/2017\/05\/20170527_232532-150x150.jpg\" class=\"attachment-thumbnail size-thumbnail\" alt=\"\" \/><\/a>\n\t\t\t<\/div><\/figure><figure class='gallery-item'>\n\t\t\t<div class='gallery-icon landscape'>\n\t\t\t\t<a href='https:\/\/ostrowskatv.pl\/?attachment_id=3939'><img loading=\"lazy\" decoding=\"async\" width=\"150\" height=\"150\" src=\"https:\/\/ostrowskatv.pl\/wp-content\/uploads\/2017\/05\/20170527_232519-150x150.jpg\" class=\"attachment-thumbnail size-thumbnail\" alt=\"\" \/><\/a>\n\t\t\t<\/div><\/figure><figure class='gallery-item'>\n\t\t\t<div class='gallery-icon landscape'>\n\t\t\t\t<a href='https:\/\/ostrowskatv.pl\/?attachment_id=3940'><img loading=\"lazy\" decoding=\"async\" width=\"150\" height=\"150\" src=\"https:\/\/ostrowskatv.pl\/wp-content\/uploads\/2017\/05\/20170527_232345-150x150.jpg\" class=\"attachment-thumbnail size-thumbnail\" alt=\"\" \/><\/a>\n\t\t\t<\/div><\/figure><figure class='gallery-item'>\n\t\t\t<div class='gallery-icon landscape'>\n\t\t\t\t<a href='https:\/\/ostrowskatv.pl\/?attachment_id=3941'><img loading=\"lazy\" decoding=\"async\" width=\"150\" height=\"150\" src=\"https:\/\/ostrowskatv.pl\/wp-content\/uploads\/2017\/05\/20170527_232331-150x150.jpg\" class=\"attachment-thumbnail size-thumbnail\" alt=\"\" \/><\/a>\n\t\t\t<\/div><\/figure><figure class='gallery-item'>\n\t\t\t<div class='gallery-icon landscape'>\n\t\t\t\t<a href='https:\/\/ostrowskatv.pl\/?attachment_id=3945'><img loading=\"lazy\" decoding=\"async\" width=\"150\" height=\"150\" src=\"https:\/\/ostrowskatv.pl\/wp-content\/uploads\/2017\/05\/20170527_225219-150x150.jpg\" class=\"attachment-thumbnail size-thumbnail\" alt=\"\" \/><\/a>\n\t\t\t<\/div><\/figure><figure class='gallery-item'>\n\t\t\t<div class='gallery-icon landscape'>\n\t\t\t\t<a href='https:\/\/ostrowskatv.pl\/?attachment_id=3946'><img loading=\"lazy\" decoding=\"async\" width=\"150\" height=\"150\" src=\"https:\/\/ostrowskatv.pl\/wp-content\/uploads\/2017\/05\/20170527_225258-1-150x150.jpg\" class=\"attachment-thumbnail size-thumbnail\" alt=\"\" \/><\/a>\n\t\t\t<\/div><\/figure>\n\t\t<\/div>\n\n<p><iframe loading=\"lazy\" src=\"https:\/\/www.google.com\/maps\/embed?pb=!1m0!3m2!1spl!2spl!4v1495924499800!6m8!1m7!1sP57sL1Alpod_4LbM-1DMhA!2m2!1d51.59556007462795!2d17.79526661921463!3f65.42631011036259!4f-4.813337968240006!5f0.7820865974627469\" width=\"600\" height=\"450\" frameborder=\"0\" style=\"border:0\" allowfullscreen><\/iframe><\/p>\n","protected":false},"excerpt":{"rendered":"W sobot\u0119 po godzinie 22:30 na trasie Przygodzice &#8211; Jank\u00f3w Przygodzki przez Pardalin dosz\u0142o do \u015bmiertelnego wypadku. Ze wst\u0119pnych ustale\u0144 wynika, \u017ce granatowe \n<a class=\"moretag\" href=\"https:\/\/ostrowskatv.pl\/?p=3935\"> [...]<\/a>","protected":false},"author":1,"featured_media":3939,"comment_status":"open","ping_status":"open","sticky":false,"template":"","format":"standard","meta":{"footnotes":""},"categories":[1],"tags":[94],"class_list":["post-3935","post","type-post","status-publish","format-standard","has-post-thumbnail","hentry","category-news","tag-jankow-przygodzki"],"_links":{"self":[{"href":"https:\/\/ostrowskatv.pl\/index.php?rest_route=\/wp\/v2\/posts\/3935","targetHints":{"allow":["GET"]}}],"collection":[{"href":"https:\/\/ostrowskatv.pl\/index.php?rest_route=\/wp\/v2\/posts"}],"about":[{"href":"https:\/\/ostrowskatv.pl\/index.php?rest_route=\/wp\/v2\/types\/post"}],"author":[{"embeddable":true,"href":"https:\/\/ostrowskatv.pl\/index.php?rest_route=\/wp\/v2\/users\/1"}],"replies":[{"embeddable":true,"href":"https:\/\/ostrowskatv.pl\/index.php?rest_route=%2Fwp%2Fv2%2Fcomments&post=3935"}],"version-history":[{"count":0,"href":"https:\/\/ostrowskatv.pl\/index.php?rest_route=\/wp\/v2\/posts\/3935\/revisions"}],"wp:featuredmedia":[{"embeddable":true,"href":"https:\/\/ostrowskatv.pl\/index.php?rest_route=\/wp\/v2\/media\/3939"}],"wp:attachment":[{"href":"https:\/\/ostrowskatv.pl\/index.php?rest_route=%2Fwp%2Fv2%2Fmedia&parent=3935"}],"wp:term":[{"taxonomy":"category","embeddable":true,"href":"https:\/\/ostrowskatv.pl\/index.php?rest_route=%2Fwp%2Fv2%2Fcategories&post=3935"},{"taxonomy":"post_tag","embeddable":true,"href":"https:\/\/ostrowskatv.pl\/index.php?rest_route=%2Fwp%2Fv2%2Ftags&post=3935"}],"curies":[{"name":"wp","href":"https:\/\/api.w.org\/{rel}","templated":true}]}}