{"id":3917,"date":"2017-05-25T15:45:57","date_gmt":"2017-05-25T14:45:57","guid":{"rendered":"http:\/\/ostrowska.tv\/?p=3917"},"modified":"2017-05-25T16:02:39","modified_gmt":"2017-05-25T15:02:39","slug":"jurek-owsiak-w-ostrowie-w-szpitalu-wielkie-show","status":"publish","type":"post","link":"https:\/\/ostrowskatv.pl\/?p=3917","title":{"rendered":"Jurek Owsiak w Ostrowie. W szpitalu wielkie show"},"content":{"rendered":"<p><strong>Jerzy Owsiak, prezes Wielkiej Orkiestry \u015awi\u0105tecznej Pomocy odwiedzi\u0142 ostrowski szpital. G\u0142\u00f3wny nacisk zosta\u0142 po\u0142o\u017cony na Oddzia\u0142 Neonatologiczny, gdzie leczone s\u0105 wcze\u015bniaki w inkubatorach. Z takim te\u017c prezentem, niczym \u015bw. Miko\u0142aj, przyby\u0142 prezes fundacji.<\/strong><\/p>\n<p>W nowo wybudowanym pomieszczeniu Oddzia\u0142u Neonatologicznego zrobiono wielkie show. Przed wej\u015bciem do szpitala sta\u0142y dwie maskotki Myszki Miki. A w samym pomieszczeniu oko\u0142o 100 os\u00f3b, transmisja telewizyjna na \u017cywo, animatorzy, catering.<\/p>\n<p>Gdy Jurek Owsiak wkroczy\u0142 na sal\u0119, rozleg\u0142o si\u0119 wielkie SIEMA. U\u015bmiechy na twarzach wolontariuszy, a tak\u017ce rodzice z dzie\u0107mi korzystaj\u0105cymi w razie potrzeby ze sprz\u0119tu u\u017cyczonego przez fundacj\u0119. Ca\u0142a uroczysto\u015b\u0107 przekazania wypasionego inkubatora wartego oko\u0142o 300 tysi\u0119cy z\u0142otych, odby\u0142a si\u0119 w dynamicznej i radosnej atmosferze.<\/p>\n<p>Trzeba przyzna\u0107, \u017ce show, kt\u00f3re urz\u0105dzono odpowiada\u0142o fina\u0142owi WO\u015aP w Warszawie. Na uwag\u0119 zas\u0142uguje fakt, \u017ce prawie wszystkie elementy powsta\u0142y bezp\u0142atnie w ramach os\u00f3b skupionych wok\u00f3\u0142 szpitala. Jerzy Owsiak jest osob\u0105 znan\u0105, ale i kontrowersyjn\u0105. Fundacja WO\u015aP od pocz\u0105tk\u00f3w istnienia przekaza\u0142a sprz\u0119t wart niewiele ponad 2 miliony z\u0142otych. Korzystaj\u0105 z niego nie tylko ostrowskie wcze\u015bniaki, ale r\u00f3wnie\u017c inne przywo\u017cone z odleg\u0142ych miejscowo\u015bci.<\/p>\n<p>&nbsp;<\/p>\n<div id='gallery-1' class='gallery galleryid-3917 gallery-columns-3 gallery-size-thumbnail'><figure class='gallery-item'>\n\t\t\t<div class='gallery-icon landscape'>\n\t\t\t\t<a href='https:\/\/ostrowskatv.pl\/?attachment_id=3918'><img loading=\"lazy\" decoding=\"async\" width=\"150\" height=\"150\" src=\"https:\/\/ostrowskatv.pl\/wp-content\/uploads\/2017\/05\/owsiak_w_ostrowie-150x150.jpg\" class=\"attachment-thumbnail size-thumbnail\" alt=\"\" \/><\/a>\n\t\t\t<\/div><\/figure>\n\t\t<\/div>\n\n","protected":false},"excerpt":{"rendered":"Jerzy Owsiak, prezes Wielkiej Orkiestry \u015awi\u0105tecznej Pomocy odwiedzi\u0142 ostrowski szpital. G\u0142\u00f3wny nacisk zosta\u0142 po\u0142o\u017cony na Oddzia\u0142 Neonatologiczny, gdzie leczone s\u0105 wcze\u015bniaki w inkubatorach. \n<a class=\"moretag\" href=\"https:\/\/ostrowskatv.pl\/?p=3917\"> [...]<\/a>","protected":false},"author":1,"featured_media":3918,"comment_status":"open","ping_status":"open","sticky":false,"template":"","format":"standard","meta":{"footnotes":""},"categories":[1],"tags":[2],"class_list":["post-3917","post","type-post","status-publish","format-standard","has-post-thumbnail","hentry","category-news","tag-ostrow-wielkopolski"],"_links":{"self":[{"href":"https:\/\/ostrowskatv.pl\/index.php?rest_route=\/wp\/v2\/posts\/3917","targetHints":{"allow":["GET"]}}],"collection":[{"href":"https:\/\/ostrowskatv.pl\/index.php?rest_route=\/wp\/v2\/posts"}],"about":[{"href":"https:\/\/ostrowskatv.pl\/index.php?rest_route=\/wp\/v2\/types\/post"}],"author":[{"embeddable":true,"href":"https:\/\/ostrowskatv.pl\/index.php?rest_route=\/wp\/v2\/users\/1"}],"replies":[{"embeddable":true,"href":"https:\/\/ostrowskatv.pl\/index.php?rest_route=%2Fwp%2Fv2%2Fcomments&post=3917"}],"version-history":[{"count":0,"href":"https:\/\/ostrowskatv.pl\/index.php?rest_route=\/wp\/v2\/posts\/3917\/revisions"}],"wp:featuredmedia":[{"embeddable":true,"href":"https:\/\/ostrowskatv.pl\/index.php?rest_route=\/wp\/v2\/media\/3918"}],"wp:attachment":[{"href":"https:\/\/ostrowskatv.pl\/index.php?rest_route=%2Fwp%2Fv2%2Fmedia&parent=3917"}],"wp:term":[{"taxonomy":"category","embeddable":true,"href":"https:\/\/ostrowskatv.pl\/index.php?rest_route=%2Fwp%2Fv2%2Fcategories&post=3917"},{"taxonomy":"post_tag","embeddable":true,"href":"https:\/\/ostrowskatv.pl\/index.php?rest_route=%2Fwp%2Fv2%2Ftags&post=3917"}],"curies":[{"name":"wp","href":"https:\/\/api.w.org\/{rel}","templated":true}]}}