{"id":3884,"date":"2017-05-22T11:27:36","date_gmt":"2017-05-22T10:27:36","guid":{"rendered":"http:\/\/ostrowska.tv\/?p=3884"},"modified":"2017-05-22T11:35:48","modified_gmt":"2017-05-22T10:35:48","slug":"maraton-usmiechu-2017","status":"publish","type":"post","link":"https:\/\/ostrowskatv.pl\/?p=3884","title":{"rendered":"Maraton U\u015bmiechu 2017"},"content":{"rendered":"<p><strong>Oko\u0142o 250 uczestnik\u00f3w wzi\u0119\u0142o udzia\u0142 w biegach g\u0142\u00f3wnych Maratonu U\u015bmiechu. Ten zorganizowano po raz trzeci w Ostrowie Wlkp. Dodatkowo w parku przy ZUS-ie rozegrano biegi dodatkowe.<\/strong><\/p>\n<p><iframe loading=\"lazy\" src=\"https:\/\/www.youtube.com\/embed\/CjlT02fLQRY\" width=\"560\" height=\"315\" frameborder=\"0\" allowfullscreen=\"allowfullscreen\"><\/iframe><\/p>\n<p>Ide\u0105 biegu jest przede wszystkim sam udzia\u0142 i integracja. Zawodowcy przemierzali trzy dystanse na nogach, a pe\u0142nosprawni inaczej pokonywali kr\u00f3tszy dystans na w\u00f3zkach inwalidzkich.<\/p>\n<p>Tras\u0119 znowu wyznaczono w centrum miasta zaczynaj\u0105c od Rynku i dalej ul. Wroc\u0142awsk\u0105, Staszica, Gimnazjaln\u0105, Led\u00f3chowskiego a\u017c do Pru\u015bli\u0144skiej. Po zawr\u00f3ceniu zawodnicy wracali ul. Led\u00f3chowskiego, Ko\u015bcieln\u0105 do Rynku. Jak co roku trasa wzbudza\u0142a kontrowersje, poniewa\u017c przecina\u0142a w p\u00f3\u0142 Ostr\u00f3w Wielkopolski. Mieszka\u0144cy zwracali uwag\u0119 by tego typu imprezy odbywa\u0142y si\u0119 na przystosowanych do tego typu rekreacji Piaskach-Szczygliczce.<\/p>\n<p>Jedna p\u0119tla wymierzona by\u0142a na 5 kilometr\u00f3w. Zawodnicy mogli przebiec j\u0105 odpowiednio do swoich si\u0142 jednokrotnie lub zwi\u0119kszaj\u0105c dystans do 10 czy 15 km.<\/p>\n<p>W Parku Marcinkowskiego przy Zak\u0142adzie Ubezpiecze\u0144 Spo\u0142ecznych wytyczono tras\u0119, po kt\u00f3rej rozegrano sztafet\u0119 rodzinn\u0105. Odcinek wynosi\u0142 550 metr\u00f3w. Ciekawostk\u0105 jest, \u017ce suma d\u0142ugo\u015bci wszystkich tras wynosi 42 195 metr\u00f3w, czyli tyle ile d\u0142ugo\u015b\u0107 maratonu.<\/p>\n<p>Najlepsi w poszczeg\u00f3lnych dystansach zostali:<\/p>\n<p>5 km: Piotr Werner (Malan\u00f3w), Katarzyna Werner (Malan\u00f3w),<\/p>\n<p>10 km: Robert Werner (Malan\u00f3w), Agnieszka Michalska (Ostr\u00f3w Wlkp.)<\/p>\n<p>15 km: Andrij Pavelko (Ostr\u00f3w Wlkp.), Olga Kazimirowa (Kalisz)<\/p>\n<p>Na ko\u0144cu odby\u0142a si\u0119 oficjalna dekoracja najlepszych uczestnik\u00f3w. Organizatorami byli Zesp\u00f3\u0142 Szk\u00f3\u0142 Specjalnych, Stowarzyszenie Promyk oraz Klub Sportowy MARATON Ostr\u00f3w Wlkp.<\/p>\n","protected":false},"excerpt":{"rendered":"Oko\u0142o 250 uczestnik\u00f3w wzi\u0119\u0142o udzia\u0142 w biegach g\u0142\u00f3wnych Maratonu U\u015bmiechu. Ten zorganizowano po raz trzeci w Ostrowie Wlkp. Dodatkowo w parku przy ZUS-ie \n<a class=\"moretag\" href=\"https:\/\/ostrowskatv.pl\/?p=3884\"> [...]<\/a>","protected":false},"author":1,"featured_media":3887,"comment_status":"open","ping_status":"open","sticky":false,"template":"","format":"standard","meta":{"footnotes":""},"categories":[1],"tags":[2],"class_list":["post-3884","post","type-post","status-publish","format-standard","has-post-thumbnail","hentry","category-news","tag-ostrow-wielkopolski"],"_links":{"self":[{"href":"https:\/\/ostrowskatv.pl\/index.php?rest_route=\/wp\/v2\/posts\/3884","targetHints":{"allow":["GET"]}}],"collection":[{"href":"https:\/\/ostrowskatv.pl\/index.php?rest_route=\/wp\/v2\/posts"}],"about":[{"href":"https:\/\/ostrowskatv.pl\/index.php?rest_route=\/wp\/v2\/types\/post"}],"author":[{"embeddable":true,"href":"https:\/\/ostrowskatv.pl\/index.php?rest_route=\/wp\/v2\/users\/1"}],"replies":[{"embeddable":true,"href":"https:\/\/ostrowskatv.pl\/index.php?rest_route=%2Fwp%2Fv2%2Fcomments&post=3884"}],"version-history":[{"count":0,"href":"https:\/\/ostrowskatv.pl\/index.php?rest_route=\/wp\/v2\/posts\/3884\/revisions"}],"wp:featuredmedia":[{"embeddable":true,"href":"https:\/\/ostrowskatv.pl\/index.php?rest_route=\/wp\/v2\/media\/3887"}],"wp:attachment":[{"href":"https:\/\/ostrowskatv.pl\/index.php?rest_route=%2Fwp%2Fv2%2Fmedia&parent=3884"}],"wp:term":[{"taxonomy":"category","embeddable":true,"href":"https:\/\/ostrowskatv.pl\/index.php?rest_route=%2Fwp%2Fv2%2Fcategories&post=3884"},{"taxonomy":"post_tag","embeddable":true,"href":"https:\/\/ostrowskatv.pl\/index.php?rest_route=%2Fwp%2Fv2%2Ftags&post=3884"}],"curies":[{"name":"wp","href":"https:\/\/api.w.org\/{rel}","templated":true}]}}