{"id":3875,"date":"2017-05-17T18:03:30","date_gmt":"2017-05-17T17:03:30","guid":{"rendered":"http:\/\/ostrowska.tv\/?p=3875"},"modified":"2017-05-17T18:24:24","modified_gmt":"2017-05-17T17:24:24","slug":"pobil-mnie-policjant","status":"publish","type":"post","link":"https:\/\/ostrowskatv.pl\/?p=3875","title":{"rendered":"&#8222;Pobi\u0142 mnie policjant&#8221;"},"content":{"rendered":"<p><strong>W poniedzia\u0142ek o godzinie 17:15 na ul. Rad\u0142owskiej w Ostrowie Wlkp. policjanci przeprowadzali interwencj\u0119 w zwi\u0105zku z my\u015blami samob\u00f3jczymi u 26-letniego m\u0119\u017cczyzny. Ten by\u0142 za\u0142amany, poniewa\u017c zostawi\u0142a go kobieta. Oliw\u0105 do ognia w tym przypadku by\u0142 alkohol, a konkretnie p\u00f3\u0142torapromilowe st\u0119\u017cenie. Rodzina wezwa\u0142a funkcjonariuszy &#8211; tym bardziej, \u017ce zachowywa\u0142 si\u0119 on w stosunku do nich agresywnie oraz mia\u0142 my\u015bli samob\u00f3jcze.<\/strong><\/p>\n<p><iframe loading=\"lazy\" src=\"https:\/\/www.youtube.com\/embed\/yK1deJ2604A\" width=\"560\" height=\"315\" frameborder=\"0\" allowfullscreen=\"allowfullscreen\"><\/iframe><\/p>\n<p>&#8211; M\u0119\u017cczyzna nie stosowa\u0142 si\u0119 do polece\u0144 wydawanych przez policjant\u00f3w. Ci u\u017cyli chwyt\u00f3w obezw\u0142adniaj\u0105cych w celu za\u0142o\u017cenia kajdanek na r\u0119ce trzymane z ty\u0142u. &#8211; informuje Ma\u0142gorzata \u0141usiak, rzecznik ostrowskiej policji<\/p>\n<p>Nast\u0119pnie przewieziono ostrowianina do ostrowskiego szpitala, gdzie w budynku poradni specjalistycznej mia\u0142 obejrze\u0107 go lekarz. Dodajmy, \u017ce dla zatrzymanych przez funkcjonariuszy jest osobne, niemonitorowane pomieszczenie.<\/p>\n<p>&#8211; M\u0119\u017cczyzna by\u0142 nadal agresywny, dlatego lekarz nie wyrazi\u0142 zgody na zdj\u0119cie kajdanek w czasie badania. &#8211; m\u00f3wi Ma\u0142gorzata \u0141usiak, rzecznik ostrowskiej policji<\/p>\n<p>&#8211; Jeden z policjant\u00f3w, kt\u00f3rzy dowie\u017ali mnie do szpitala uderzy\u0142 mnie z pi\u0119\u015bci w twarz i w klatk\u0119 piersiow\u0105. Zanim to zrobi\u0142, powiedzia\u0142: &#8222;Za to, \u017ce obrazi\u0142e\u015b policjanta, dostaniesz w mord\u0119&#8221;. &#8211; relacjonuje ranny m\u0119\u017cczyzna. &#8211; relacjonuje Jan Miklas<\/p>\n<p>&#8211; Po chwili wszed\u0142 lekarz i zapyta\u0142 si\u0119 mnie czy kto\u015b mnie pobi\u0142. Spojrza\u0142em wtedy na policjanta i on wtedy dopyta\u0142. Mo\u017ce ja Ciebie pobi\u0142em? Wtedy odpowiedzia\u0142em ironicznie, \u017ce nie z u\u015bmiechem wynikaj\u0105cym z bezsilno\u015bci na twarzy.<\/p>\n<p>Lekarz nie mia\u0142 przeciwwskaza\u0144, \u017ceby go zatrzyma\u0107 na policyjnej izbie zatrzyma\u0144 w celu wytrze\u017awienia.<br \/>\nNast\u0119pnego dnia po godzinie 9:00 rano, funkcjonariusze zabrali zatrzymanego na konsultacj\u0119 psychiatryczn\u0105. Lekarz stwierdzi\u0142, \u017ce nie widzi podstaw do hospitalizacji m\u0119\u017cczyzny. Zaznaczy\u0142 jednak w dokumentacji widoczne na twarzy obra\u017cenia. Tych dzie\u0144 wcze\u015bniej jednak nie by\u0142o.<\/p>\n<p>Poszkodowany uda\u0142 si\u0119 ju\u017c sam na Szpitalny Oddzia\u0142 Ratunkowy gdzie postanowiono wykona\u0107 kompleksowy badania z uwagi na widoczne obra\u017cenia, a tak\u017ce objawy w postaci plucia krwi\u0105. M\u0119\u017cczyzn\u0119 postanowiono umie\u015bci\u0107 na oddziale chirurgii og\u00f3lnej.<\/p>\n<p>Zdaniem rzecznika ostrowskiej policji, jest prowadzone wewn\u0119trzne post\u0119powanie wyja\u015bniaj\u0105ce w sprawie ewentualnego uderzenia m\u0119\u017cczyzny przez policjanta. Poszkodowany w \u015brod\u0119 powiadomi\u0142 prokuratur\u0119 o zdarzeniu. Poszkodowany zadeklarowa\u0142 ch\u0119\u0107 poddania badaniu na wariografie.<\/p>\n","protected":false},"excerpt":{"rendered":"W poniedzia\u0142ek o godzinie 17:15 na ul. Rad\u0142owskiej w Ostrowie Wlkp. policjanci przeprowadzali interwencj\u0119 w zwi\u0105zku z my\u015blami samob\u00f3jczymi u 26-letniego m\u0119\u017cczyzny. Ten \n<a class=\"moretag\" href=\"https:\/\/ostrowskatv.pl\/?p=3875\"> [...]<\/a>","protected":false},"author":1,"featured_media":3876,"comment_status":"open","ping_status":"open","sticky":false,"template":"","format":"standard","meta":{"footnotes":""},"categories":[1],"tags":[2],"class_list":["post-3875","post","type-post","status-publish","format-standard","has-post-thumbnail","hentry","category-news","tag-ostrow-wielkopolski"],"_links":{"self":[{"href":"https:\/\/ostrowskatv.pl\/index.php?rest_route=\/wp\/v2\/posts\/3875","targetHints":{"allow":["GET"]}}],"collection":[{"href":"https:\/\/ostrowskatv.pl\/index.php?rest_route=\/wp\/v2\/posts"}],"about":[{"href":"https:\/\/ostrowskatv.pl\/index.php?rest_route=\/wp\/v2\/types\/post"}],"author":[{"embeddable":true,"href":"https:\/\/ostrowskatv.pl\/index.php?rest_route=\/wp\/v2\/users\/1"}],"replies":[{"embeddable":true,"href":"https:\/\/ostrowskatv.pl\/index.php?rest_route=%2Fwp%2Fv2%2Fcomments&post=3875"}],"version-history":[{"count":0,"href":"https:\/\/ostrowskatv.pl\/index.php?rest_route=\/wp\/v2\/posts\/3875\/revisions"}],"wp:featuredmedia":[{"embeddable":true,"href":"https:\/\/ostrowskatv.pl\/index.php?rest_route=\/wp\/v2\/media\/3876"}],"wp:attachment":[{"href":"https:\/\/ostrowskatv.pl\/index.php?rest_route=%2Fwp%2Fv2%2Fmedia&parent=3875"}],"wp:term":[{"taxonomy":"category","embeddable":true,"href":"https:\/\/ostrowskatv.pl\/index.php?rest_route=%2Fwp%2Fv2%2Fcategories&post=3875"},{"taxonomy":"post_tag","embeddable":true,"href":"https:\/\/ostrowskatv.pl\/index.php?rest_route=%2Fwp%2Fv2%2Ftags&post=3875"}],"curies":[{"name":"wp","href":"https:\/\/api.w.org\/{rel}","templated":true}]}}