{"id":37624,"date":"2026-04-24T07:55:28","date_gmt":"2026-04-24T06:55:28","guid":{"rendered":"https:\/\/ostrowskatv.pl\/?p=37624"},"modified":"2026-04-24T08:43:41","modified_gmt":"2026-04-24T07:43:41","slug":"minister-sportu-w-ostrowie-relacja","status":"publish","type":"post","link":"https:\/\/ostrowskatv.pl\/?p=37624","title":{"rendered":"Minister sportu w Ostrowie &#8211; relacja"},"content":{"rendered":"<p><strong>W czwartek do Ostrowa Wielkopolskiego przyjecha\u0142 Minister Sportu Jakub Rutnicki &#8211; Wielki Krasnoludek, bo tak nazwa\u0142 go pose\u0142 Jaros\u0142aw Urbaniak, m\u00f3wi\u0105c, \u017ce minister mierzy 205 centymetr\u00f3w.<\/strong><\/p>\n<blockquote><p>Jak s\u0105 sukcesy to pier\u015b do medalu wypina w Ostrowie pani prezydent. Jak s\u0105 k\u0142opoty to wiadomo&#8230; wina Tuska, rz\u0105du i nie daj Bo\u017ce pos\u0142\u00f3w Koalicji Obywatelskiej. Jak s\u0105 sukcesy i jest samorz\u0105dowiec, a Pa\u0144stwo (dziennikarze &#8211; red.) dopytuj\u0105 jak to jest naprawd\u0119 to pojawiaj\u0105 si\u0119 s\u0142ynne krasnoludki. Chcia\u0142em pa\u0144stwu przedstawi\u0107, do\u015b\u0107 du\u017cy krasnoludek, minister sportu Jakub Rutnicki &#8211; rozpocz\u0105\u0142 konferencj\u0119 Jaros\u0142aw Urbaniak.<\/p><\/blockquote>\n<p>Na co prezydent Ostrowa Wielkopolskiego Beata Klimek odpowiedzia\u0142a:<\/p>\n<blockquote><p>Szkoda, \u017ce w tych spotkaniach nie uwzgl\u0119dniono obecno\u015bci przedstawicieli naszego samorz\u0105du, bo w gronie<br \/>\nzaproszonych burmistrz\u00f3w i w\u00f3jt\u00f3w, to by\u0142aby doskona\u0142a okazja do merytorycznego dialogu. Jako samorz\u0105d, kt\u00f3ry na co dzie\u0144 buduje i utrzymuje infrastruktur\u0119 sportow\u0105, mamy o czym rozmawia\u0107 z resortem \u2013 od naszych plan\u00f3w na kolejne inwestycje, po wyzwania, przed kt\u00f3rymi stoj\u0105 ostrowskie kluby walcz\u0105ce o wsparcie, m.in. ze strony sp\u00f3\u0142ek Skarbu Pa\u0144stwa.<\/p><\/blockquote>\n<p>Minister sportu, pochodz\u0105cy z wielkopolskich Pniew, zaliczy\u0142 delikatn\u0105 wpadk\u0119.<\/p>\n<blockquote><p>Witam Pa\u0144stwa w Ostrowie Wielkopolskim. Dzi\u015b b\u0119d\u0119 spotyka\u0107 si\u0119 z przedstawicielami Stali Gorz\u00f3w, wielkich legend&#8230;<\/p><\/blockquote>\n<p>Kto\u015b wtedy z sali powiedzia\u0142: <strong>Stali Ostr\u00f3w!\u00a0<\/strong><\/p>\n<p>Wtedy pojawi\u0142y si\u0119 odg\u0142osy wyra\u017caj\u0105ce oburzenie. Nast\u0119pnie minister powiedzia\u0142, \u017ce dwa ostrowskie kluby, koszykarska Stal Ostr\u00f3w oraz lekkoatletyka razem ubiegaj\u0105 si\u0119 o ponad 300 tysi\u0119cy z ministerialnych \u015brodk\u00f3w i maj\u0105 du\u017c\u0105 szans\u0119 na ich otrzymanie. Z tych pieni\u0119dzy b\u0119d\u0105 mogli op\u0142aci\u0107 wynajem np. hali sportowej, kupi\u0107 sprz\u0119t czy do\u0142o\u017cy\u0107 do pensji trenera. Wszystko to w ramach programu &#8222;KLUB PRO&#8221;.<\/p>\n<p><a href=\"https:\/\/ostrowskatv.pl\/?attachment_id=37626\" rel=\"attachment wp-att-37626\"><img loading=\"lazy\" decoding=\"async\" class=\"alignnone size-full wp-image-37626\" src=\"https:\/\/ostrowskatv.pl\/wp-content\/uploads\/2026\/04\/1000144569.jpg\" alt=\"\" width=\"1365\" height=\"768\" srcset=\"https:\/\/ostrowskatv.pl\/wp-content\/uploads\/2026\/04\/1000144569.jpg 1365w, https:\/\/ostrowskatv.pl\/wp-content\/uploads\/2026\/04\/1000144569-300x169.jpg 300w, https:\/\/ostrowskatv.pl\/wp-content\/uploads\/2026\/04\/1000144569-1333x750.jpg 1333w\" sizes=\"auto, (max-width: 1365px) 100vw, 1365px\" \/><\/a> <a href=\"https:\/\/ostrowskatv.pl\/?attachment_id=37625\" rel=\"attachment wp-att-37625\"><img loading=\"lazy\" decoding=\"async\" class=\"alignnone size-full wp-image-37625\" src=\"https:\/\/ostrowskatv.pl\/wp-content\/uploads\/2026\/04\/1000144566.jpg\" alt=\"\" width=\"1366\" height=\"769\" srcset=\"https:\/\/ostrowskatv.pl\/wp-content\/uploads\/2026\/04\/1000144566.jpg 1366w, https:\/\/ostrowskatv.pl\/wp-content\/uploads\/2026\/04\/1000144566-300x169.jpg 300w, https:\/\/ostrowskatv.pl\/wp-content\/uploads\/2026\/04\/1000144566-1333x750.jpg 1333w\" sizes=\"auto, (max-width: 1366px) 100vw, 1366px\" \/><\/a><\/p>\n<p>Nast\u0119pnie minister sportu odni\u00f3s\u0142 si\u0119 do cuchn\u0105cego problemu, kt\u00f3ry dotyczy obiektu przy ulicy Kusoci\u0144skiego, a kt\u00f3ry to jest w r\u0119kach prywatnych. Pierwotnie odpowiadali za niego Marcin Napiera\u0142a, zwi\u0105zany z bran\u017c\u0105 utylizacji no\u015bnik\u00f3w danych typu p\u0142yty DVD oraz Pawe\u0142 Matuszewski znany z bran\u017cy rolniczej &#8211; skup byd\u0142a &#8211; a obecnie zaanga\u017cowany w bran\u017c\u0119 dewelopersk\u0105 na terenie Hiszpanii.<\/p>\n<p>Przypomnijmy, \u017ce za rz\u0105d\u00f3w Prawa i Sprawiedliwo\u015bci, w blasku fleszy, sp\u00f3\u0142ka prowadzona przez obu pan\u00f3w otrzyma\u0142a pieni\u0105dze na modernizacj\u0119 hali przy ulicy Kusoci\u0144skiego. Prace budowlane sz\u0142y z pewnymi przerwami, a\u017c od pewnego czasu znowu stan\u0119\u0142y. W mi\u0119dzy czasie powsta\u0142 apartamentowiec przy Rondzie Bankowym, gdzie inwestorem jest Marcin Napiera\u0142a.<\/p>\n<p>Nieoficjalnie m\u00f3wi si\u0119, \u017ce Pawe\u0142 Matuszewski szuka kogo\u015b kto odkupi udzia\u0142 Napiera\u0142y z hali przy Kusoci\u0144skiego.<\/p>\n<blockquote><p>My jeste\u015bmy otwarci, ale pi\u0142ka jest po stronie beneficjent\u00f3w. Jest problem je\u015bli chodzi o w\u0142a\u015bcicieli, w jaki spos\u00f3b si\u0119 dogadaj\u0105. Ja apeluj\u0119, \u017ceby t\u0119 inwestycj\u0119 doko\u0144czy\u0107. Je\u015bli nie b\u0119dzie ta inwestycha realizowana i doko\u0144czona, to pieni\u0105dze przekazane przez Ministerstwo b\u0119d\u0105 musia\u0142y zosta\u0107 zwr\u00f3cone. Mam nadziej\u0119, \u017ce do tego nie dojdzie. Rozmawiamy z tymi osobami, kt\u00f3re otrzyma\u0142y pieni\u0105dze z Ministerstwa. Mam nadziej\u0119, \u017ce sp\u00f3r zako\u0144czy si\u0119 pomi\u0119dzy osobami, kt\u00f3re aplikowa\u0142y o te pieni\u0105dze i uda si\u0119 doko\u0144czy\u0107 inwestycj\u0119. Takie sytuacje nie mog\u0105 trwa\u0107 w niesko\u0144czono\u015b\u0107. Tu musi by\u0107 szybka decyzja. Je\u015bli inwestycja nie jest doko\u0144czona, bo to s\u0105 pieni\u0105dze nas wszystkich podatnik\u00f3w, b\u0119d\u0105 musia\u0142y zosta\u0107 zwr\u00f3cone. Inwestycja by\u0142a realizowana kilka lat temu i ja to odziedziczy\u0142em. Najlepszym inwestorem s\u0105 samorz\u0105dy i wtedy wiadomo, \u017ce inwestycja b\u0119dzie zrealizowana. &#8211; m\u00f3wi\u0142 minister Jakub Rutnicki.<\/p><\/blockquote>\n","protected":false},"excerpt":{"rendered":"W czwartek do Ostrowa Wielkopolskiego przyjecha\u0142 Minister Sportu Jakub Rutnicki &#8211; Wielki Krasnoludek, bo tak nazwa\u0142 go pose\u0142 Jaros\u0142aw Urbaniak, m\u00f3wi\u0105c, \u017ce minister \n<a class=\"moretag\" href=\"https:\/\/ostrowskatv.pl\/?p=37624\"> [...]<\/a>","protected":false},"author":1,"featured_media":37627,"comment_status":"open","ping_status":"closed","sticky":false,"template":"","format":"standard","meta":{"footnotes":""},"categories":[1],"tags":[],"class_list":["post-37624","post","type-post","status-publish","format-standard","has-post-thumbnail","hentry","category-news"],"_links":{"self":[{"href":"https:\/\/ostrowskatv.pl\/index.php?rest_route=\/wp\/v2\/posts\/37624","targetHints":{"allow":["GET"]}}],"collection":[{"href":"https:\/\/ostrowskatv.pl\/index.php?rest_route=\/wp\/v2\/posts"}],"about":[{"href":"https:\/\/ostrowskatv.pl\/index.php?rest_route=\/wp\/v2\/types\/post"}],"author":[{"embeddable":true,"href":"https:\/\/ostrowskatv.pl\/index.php?rest_route=\/wp\/v2\/users\/1"}],"replies":[{"embeddable":true,"href":"https:\/\/ostrowskatv.pl\/index.php?rest_route=%2Fwp%2Fv2%2Fcomments&post=37624"}],"version-history":[{"count":3,"href":"https:\/\/ostrowskatv.pl\/index.php?rest_route=\/wp\/v2\/posts\/37624\/revisions"}],"predecessor-version":[{"id":37629,"href":"https:\/\/ostrowskatv.pl\/index.php?rest_route=\/wp\/v2\/posts\/37624\/revisions\/37629"}],"wp:featuredmedia":[{"embeddable":true,"href":"https:\/\/ostrowskatv.pl\/index.php?rest_route=\/wp\/v2\/media\/37627"}],"wp:attachment":[{"href":"https:\/\/ostrowskatv.pl\/index.php?rest_route=%2Fwp%2Fv2%2Fmedia&parent=37624"}],"wp:term":[{"taxonomy":"category","embeddable":true,"href":"https:\/\/ostrowskatv.pl\/index.php?rest_route=%2Fwp%2Fv2%2Fcategories&post=37624"},{"taxonomy":"post_tag","embeddable":true,"href":"https:\/\/ostrowskatv.pl\/index.php?rest_route=%2Fwp%2Fv2%2Ftags&post=37624"}],"curies":[{"name":"wp","href":"https:\/\/api.w.org\/{rel}","templated":true}]}}