{"id":37577,"date":"2026-04-22T15:30:52","date_gmt":"2026-04-22T14:30:52","guid":{"rendered":"https:\/\/ostrowskatv.pl\/?p=37577"},"modified":"2026-04-22T15:30:52","modified_gmt":"2026-04-22T14:30:52","slug":"potracil-kolegow-przed-szkola-zdjecia","status":"publish","type":"post","link":"https:\/\/ostrowskatv.pl\/?p=37577","title":{"rendered":"Potr\u0105ci\u0142 koleg\u00f3w przed szko\u0142\u0105 (ZDJ\u0118CIA)"},"content":{"rendered":"<p>Dzi\u015b, oko\u0142o godziny 11:00, w miejscowo\u015bci Przygodzice dosz\u0142o do zdarzenia drogowego z udzia\u0142em kieruj\u0105cego motocyklem typu cross oraz dw\u00f3ch pieszych.<br \/>\nMotocyklem kierowa\u0142 oko\u0142o 15-letni ch\u0142opiec. W wyniku zdarzenia poszkodowane zosta\u0142y dwie osoby piesze \u2013 jedna z nich, oko\u0142o 15-letni m\u0119\u017cczyzna, zosta\u0142a przetransportowana do szpitala. Trzecim uczestnikiem zdarzenia by\u0142 m\u0119\u017cczyzna w wieku 18 lat. Sprawa trafi do S\u0105du Rodzinnego<\/p>\n<p><a href=\"https:\/\/ostrowskatv.pl\/?attachment_id=37578\" rel=\"attachment wp-att-37578\"><img loading=\"lazy\" decoding=\"async\" class=\"alignnone size-full wp-image-37578\" src=\"https:\/\/ostrowskatv.pl\/wp-content\/uploads\/2026\/04\/1000144219.jpg\" alt=\"\" width=\"1366\" height=\"1033\" srcset=\"https:\/\/ostrowskatv.pl\/wp-content\/uploads\/2026\/04\/1000144219.jpg 1366w, https:\/\/ostrowskatv.pl\/wp-content\/uploads\/2026\/04\/1000144219-300x227.jpg 300w, https:\/\/ostrowskatv.pl\/wp-content\/uploads\/2026\/04\/1000144219-1333x1008.jpg 1333w\" sizes=\"auto, (max-width: 1366px) 100vw, 1366px\" \/><\/a> <a href=\"https:\/\/ostrowskatv.pl\/?attachment_id=37579\" rel=\"attachment wp-att-37579\"><img loading=\"lazy\" decoding=\"async\" class=\"alignnone size-full wp-image-37579\" src=\"https:\/\/ostrowskatv.pl\/wp-content\/uploads\/2026\/04\/1000144220.jpg\" alt=\"\" width=\"690\" height=\"1242\" srcset=\"https:\/\/ostrowskatv.pl\/wp-content\/uploads\/2026\/04\/1000144220.jpg 690w, https:\/\/ostrowskatv.pl\/wp-content\/uploads\/2026\/04\/1000144220-167x300.jpg 167w\" sizes=\"auto, (max-width: 690px) 100vw, 690px\" \/><\/a> <a href=\"https:\/\/ostrowskatv.pl\/?attachment_id=37580\" rel=\"attachment wp-att-37580\"><img loading=\"lazy\" decoding=\"async\" class=\"alignnone size-full wp-image-37580\" src=\"https:\/\/ostrowskatv.pl\/wp-content\/uploads\/2026\/04\/1000144221.jpg\" alt=\"\" width=\"1366\" height=\"900\" srcset=\"https:\/\/ostrowskatv.pl\/wp-content\/uploads\/2026\/04\/1000144221.jpg 1366w, https:\/\/ostrowskatv.pl\/wp-content\/uploads\/2026\/04\/1000144221-300x198.jpg 300w, https:\/\/ostrowskatv.pl\/wp-content\/uploads\/2026\/04\/1000144221-1333x878.jpg 1333w\" sizes=\"auto, (max-width: 1366px) 100vw, 1366px\" \/><\/a> <a href=\"https:\/\/ostrowskatv.pl\/?attachment_id=37581\" rel=\"attachment wp-att-37581\"><img loading=\"lazy\" decoding=\"async\" class=\"alignnone size-full wp-image-37581\" src=\"https:\/\/ostrowskatv.pl\/wp-content\/uploads\/2026\/04\/1000144223.jpg\" alt=\"\" width=\"1366\" height=\"746\" srcset=\"https:\/\/ostrowskatv.pl\/wp-content\/uploads\/2026\/04\/1000144223.jpg 1366w, https:\/\/ostrowskatv.pl\/wp-content\/uploads\/2026\/04\/1000144223-300x164.jpg 300w, https:\/\/ostrowskatv.pl\/wp-content\/uploads\/2026\/04\/1000144223-1333x728.jpg 1333w\" sizes=\"auto, (max-width: 1366px) 100vw, 1366px\" \/><\/a><\/p>\n","protected":false},"excerpt":{"rendered":"Dzi\u015b, oko\u0142o godziny 11:00, w miejscowo\u015bci Przygodzice dosz\u0142o do zdarzenia drogowego z udzia\u0142em kieruj\u0105cego motocyklem typu cross oraz dw\u00f3ch pieszych. Motocyklem kierowa\u0142 oko\u0142o \n<a class=\"moretag\" href=\"https:\/\/ostrowskatv.pl\/?p=37577\"> [...]<\/a>","protected":false},"author":1,"featured_media":37581,"comment_status":"open","ping_status":"closed","sticky":false,"template":"","format":"standard","meta":{"footnotes":""},"categories":[1],"tags":[],"class_list":["post-37577","post","type-post","status-publish","format-standard","has-post-thumbnail","hentry","category-news"],"_links":{"self":[{"href":"https:\/\/ostrowskatv.pl\/index.php?rest_route=\/wp\/v2\/posts\/37577","targetHints":{"allow":["GET"]}}],"collection":[{"href":"https:\/\/ostrowskatv.pl\/index.php?rest_route=\/wp\/v2\/posts"}],"about":[{"href":"https:\/\/ostrowskatv.pl\/index.php?rest_route=\/wp\/v2\/types\/post"}],"author":[{"embeddable":true,"href":"https:\/\/ostrowskatv.pl\/index.php?rest_route=\/wp\/v2\/users\/1"}],"replies":[{"embeddable":true,"href":"https:\/\/ostrowskatv.pl\/index.php?rest_route=%2Fwp%2Fv2%2Fcomments&post=37577"}],"version-history":[{"count":1,"href":"https:\/\/ostrowskatv.pl\/index.php?rest_route=\/wp\/v2\/posts\/37577\/revisions"}],"predecessor-version":[{"id":37582,"href":"https:\/\/ostrowskatv.pl\/index.php?rest_route=\/wp\/v2\/posts\/37577\/revisions\/37582"}],"wp:featuredmedia":[{"embeddable":true,"href":"https:\/\/ostrowskatv.pl\/index.php?rest_route=\/wp\/v2\/media\/37581"}],"wp:attachment":[{"href":"https:\/\/ostrowskatv.pl\/index.php?rest_route=%2Fwp%2Fv2%2Fmedia&parent=37577"}],"wp:term":[{"taxonomy":"category","embeddable":true,"href":"https:\/\/ostrowskatv.pl\/index.php?rest_route=%2Fwp%2Fv2%2Fcategories&post=37577"},{"taxonomy":"post_tag","embeddable":true,"href":"https:\/\/ostrowskatv.pl\/index.php?rest_route=%2Fwp%2Fv2%2Ftags&post=37577"}],"curies":[{"name":"wp","href":"https:\/\/api.w.org\/{rel}","templated":true}]}}