{"id":37569,"date":"2026-04-19T01:32:04","date_gmt":"2026-04-19T00:32:04","guid":{"rendered":"https:\/\/ostrowskatv.pl\/?p=37569"},"modified":"2026-04-19T01:32:04","modified_gmt":"2026-04-19T00:32:04","slug":"zderzenie-bmw-i-mercedesa-na-trasie-ostrow-odolanow-zdjecia","status":"publish","type":"post","link":"https:\/\/ostrowskatv.pl\/?p=37569","title":{"rendered":"Zderzenie BMW i Mercedesa na trasie Ostr\u00f3w \u2013 Odolan\u00f3w (ZDJ\u0118CIA)"},"content":{"rendered":"<p>Zderzenie dw\u00f3ch aut na trasie Ostr\u00f3w Wielkopolski \u2013 Odolan\u00f3w. Interweniowa\u0142y s\u0142u\u017cby<\/p>\n<p>W sobot\u0119 przed godzin\u0105 18:00 dosz\u0142o do zderzenia dw\u00f3ch samochod\u00f3w osobowych na drodze \u0142\u0105cz\u0105cej Ostr\u00f3w Wielkopolski z Odolanowem. Do zdarzenia dosz\u0142o w tzw. lesie ostrowskim, na odcinku pomi\u0119dzy Topol\u0105 a Tarcha\u0142ami.<\/p>\n<p>Wed\u0142ug wst\u0119pnych informacji w kolizji bra\u0142y udzia\u0142 dwa pojazdy \u2013 BMW oraz Mercedes. W wyniku zderzenia samoch\u00f3d marki BMW zosta\u0142 uszkodzony w cz\u0119\u015bci drzwi od strony kierowcy, natomiast Mercedes dozna\u0142 uszkodze\u0144 w przednim prawym naro\u017cniku.<\/p>\n<p>Na szcz\u0119\u015bcie w zdarzeniu nikt nie uskar\u017ca\u0142 si\u0119 na dolegliwo\u015bci b\u00f3lowe i nie by\u0142o konieczno\u015bci udzielania pomocy medycznej.<\/p>\n<p>Na miejsce zadysponowano s\u0142u\u017cby ratunkowe \u2013 stra\u017c po\u017carn\u0105 oraz policj\u0119, kt\u00f3re zabezpieczy\u0142y miejsce zdarzenia i prowadzi\u0142y czynno\u015bci wyja\u015bniaj\u0105ce okoliczno\u015bci kolizji. Przez pewien czas w rejonie zdarzenia mog\u0142y wyst\u0119powa\u0107 utrudnienia w ruchu.<\/p>\n<p>Policja apeluje do kierowc\u00f3w o zachowanie szczeg\u00f3lnej ostro\u017cno\u015bci na le\u015bnych odcinkach dr\u00f3g, gdzie cz\u0119sto dochodzi do niebezpiecznych sytuacji, zw\u0142aszcza przy ograniczonej widoczno\u015bci oraz zmiennych warunkach na jezdni.<\/p>\n<p><a href=\"https:\/\/ostrowskatv.pl\/?attachment_id=37570\" rel=\"attachment wp-att-37570\"><img loading=\"lazy\" decoding=\"async\" class=\"alignnone size-full wp-image-37570\" src=\"https:\/\/ostrowskatv.pl\/wp-content\/uploads\/2026\/04\/1000143375.jpg\" alt=\"\" width=\"892\" height=\"617\" srcset=\"https:\/\/ostrowskatv.pl\/wp-content\/uploads\/2026\/04\/1000143375.jpg 892w, https:\/\/ostrowskatv.pl\/wp-content\/uploads\/2026\/04\/1000143375-300x208.jpg 300w\" sizes=\"auto, (max-width: 892px) 100vw, 892px\" \/><\/a> <a href=\"https:\/\/ostrowskatv.pl\/?attachment_id=37571\" rel=\"attachment wp-att-37571\"><img loading=\"lazy\" decoding=\"async\" class=\"alignnone size-full wp-image-37571\" src=\"https:\/\/ostrowskatv.pl\/wp-content\/uploads\/2026\/04\/1000143376.jpg\" alt=\"\" width=\"1206\" height=\"684\" srcset=\"https:\/\/ostrowskatv.pl\/wp-content\/uploads\/2026\/04\/1000143376.jpg 1206w, https:\/\/ostrowskatv.pl\/wp-content\/uploads\/2026\/04\/1000143376-300x170.jpg 300w, https:\/\/ostrowskatv.pl\/wp-content\/uploads\/2026\/04\/1000143376-388x220.jpg 388w\" sizes=\"auto, (max-width: 1206px) 100vw, 1206px\" \/><\/a> <a href=\"https:\/\/ostrowskatv.pl\/?attachment_id=37572\" rel=\"attachment wp-att-37572\"><img loading=\"lazy\" decoding=\"async\" class=\"alignnone size-full wp-image-37572\" src=\"https:\/\/ostrowskatv.pl\/wp-content\/uploads\/2026\/04\/1000143377.jpg\" alt=\"\" width=\"998\" height=\"532\" srcset=\"https:\/\/ostrowskatv.pl\/wp-content\/uploads\/2026\/04\/1000143377.jpg 998w, https:\/\/ostrowskatv.pl\/wp-content\/uploads\/2026\/04\/1000143377-300x160.jpg 300w\" sizes=\"auto, (max-width: 998px) 100vw, 998px\" \/><\/a> <a href=\"https:\/\/ostrowskatv.pl\/?attachment_id=37573\" rel=\"attachment wp-att-37573\"><img loading=\"lazy\" decoding=\"async\" class=\"alignnone size-full wp-image-37573\" src=\"https:\/\/ostrowskatv.pl\/wp-content\/uploads\/2026\/04\/1000143378.jpg\" alt=\"\" width=\"1256\" height=\"863\" srcset=\"https:\/\/ostrowskatv.pl\/wp-content\/uploads\/2026\/04\/1000143378.jpg 1256w, https:\/\/ostrowskatv.pl\/wp-content\/uploads\/2026\/04\/1000143378-300x206.jpg 300w\" sizes=\"auto, (max-width: 1256px) 100vw, 1256px\" \/><\/a> <a href=\"https:\/\/ostrowskatv.pl\/?attachment_id=37574\" rel=\"attachment wp-att-37574\"><img loading=\"lazy\" decoding=\"async\" class=\"alignnone size-full wp-image-37574\" src=\"https:\/\/ostrowskatv.pl\/wp-content\/uploads\/2026\/04\/1000143379.jpg\" alt=\"\" width=\"1366\" height=\"624\" srcset=\"https:\/\/ostrowskatv.pl\/wp-content\/uploads\/2026\/04\/1000143379.jpg 1366w, https:\/\/ostrowskatv.pl\/wp-content\/uploads\/2026\/04\/1000143379-300x137.jpg 300w, https:\/\/ostrowskatv.pl\/wp-content\/uploads\/2026\/04\/1000143379-1333x609.jpg 1333w\" sizes=\"auto, (max-width: 1366px) 100vw, 1366px\" \/><\/a><\/p>\n","protected":false},"excerpt":{"rendered":"Zderzenie dw\u00f3ch aut na trasie Ostr\u00f3w Wielkopolski \u2013 Odolan\u00f3w. Interweniowa\u0142y s\u0142u\u017cby W sobot\u0119 przed godzin\u0105 18:00 dosz\u0142o do zderzenia dw\u00f3ch samochod\u00f3w osobowych na \n<a class=\"moretag\" href=\"https:\/\/ostrowskatv.pl\/?p=37569\"> [...]<\/a>","protected":false},"author":1,"featured_media":37573,"comment_status":"open","ping_status":"closed","sticky":false,"template":"","format":"standard","meta":{"footnotes":""},"categories":[1],"tags":[11],"class_list":["post-37569","post","type-post","status-publish","format-standard","has-post-thumbnail","hentry","category-news","tag-wypadek"],"_links":{"self":[{"href":"https:\/\/ostrowskatv.pl\/index.php?rest_route=\/wp\/v2\/posts\/37569","targetHints":{"allow":["GET"]}}],"collection":[{"href":"https:\/\/ostrowskatv.pl\/index.php?rest_route=\/wp\/v2\/posts"}],"about":[{"href":"https:\/\/ostrowskatv.pl\/index.php?rest_route=\/wp\/v2\/types\/post"}],"author":[{"embeddable":true,"href":"https:\/\/ostrowskatv.pl\/index.php?rest_route=\/wp\/v2\/users\/1"}],"replies":[{"embeddable":true,"href":"https:\/\/ostrowskatv.pl\/index.php?rest_route=%2Fwp%2Fv2%2Fcomments&post=37569"}],"version-history":[{"count":1,"href":"https:\/\/ostrowskatv.pl\/index.php?rest_route=\/wp\/v2\/posts\/37569\/revisions"}],"predecessor-version":[{"id":37575,"href":"https:\/\/ostrowskatv.pl\/index.php?rest_route=\/wp\/v2\/posts\/37569\/revisions\/37575"}],"wp:featuredmedia":[{"embeddable":true,"href":"https:\/\/ostrowskatv.pl\/index.php?rest_route=\/wp\/v2\/media\/37573"}],"wp:attachment":[{"href":"https:\/\/ostrowskatv.pl\/index.php?rest_route=%2Fwp%2Fv2%2Fmedia&parent=37569"}],"wp:term":[{"taxonomy":"category","embeddable":true,"href":"https:\/\/ostrowskatv.pl\/index.php?rest_route=%2Fwp%2Fv2%2Fcategories&post=37569"},{"taxonomy":"post_tag","embeddable":true,"href":"https:\/\/ostrowskatv.pl\/index.php?rest_route=%2Fwp%2Fv2%2Ftags&post=37569"}],"curies":[{"name":"wp","href":"https:\/\/api.w.org\/{rel}","templated":true}]}}