{"id":37508,"date":"2026-04-14T12:05:18","date_gmt":"2026-04-14T11:05:18","guid":{"rendered":"https:\/\/ostrowskatv.pl\/?p=37508"},"modified":"2026-04-14T12:05:18","modified_gmt":"2026-04-14T11:05:18","slug":"zapalil-sie-elektryk-ewakuowano-pracownikow-zdjecia","status":"publish","type":"post","link":"https:\/\/ostrowskatv.pl\/?p=37508","title":{"rendered":"Zapali\u0142 si\u0119 elektryk. Ewakuowano pracownik\u00f3w (ZDJ\u0118CIA)"},"content":{"rendered":"<p><strong>Powraca temat zagro\u017ce\u0144 wynikaj\u0105cych z elektromobilno\u015bci. Dzi\u015b chwil\u0119 po godzinie 11.00 w Ostrowie Wielkopolskim dosz\u0142o do niebezpiecznego zdarzenia zwi\u0105zanego z \u0142adowaniem pojazdu elektrycznego.<\/strong><\/p>\n<p>Stra\u017cacy pojechali na teren jednej z firm zlokalizowanych przy ulicy Wiejskiej. Tam jeden z pracownik\u00f3w sko\u0144czy\u0142 \u0142adowa\u0107 sw\u00f3j elektryczny rower. Po zako\u0144czeniu \u0142adowania dosz\u0142o do zap\u0142onu baterii. W efekcie zapali\u0142y si\u0119 tak\u017ce drzwi przy kt\u00f3rych sta\u0142 rower. <\/p>\n<p>Przed przyjazdem stra\u017cak\u00f3w pracownicy ewakuowali si\u0119 na zewn\u0105trz oraz przyst\u0105piono do t\u0142umienia po\u017caru za pomoc\u0105 ga\u015bnic. W zdarzeniu na szcz\u0119\u015bcie nikt nie ucierpia\u0142 i co wa\u017cne firma nie posz\u0142a z dymem, dzi\u0119ki czemu zachowano miejsca pracy.<\/p>\n<p><a href=\"https:\/\/ostrowskatv.pl\/?attachment_id=37514\" rel=\"attachment wp-att-37514\"><img loading=\"lazy\" decoding=\"async\" src=\"https:\/\/ostrowskatv.pl\/wp-content\/uploads\/2026\/04\/1000141860.jpg\" alt=\"\" width=\"1366\" height=\"769\" class=\"alignnone size-full wp-image-37514\" srcset=\"https:\/\/ostrowskatv.pl\/wp-content\/uploads\/2026\/04\/1000141860.jpg 1366w, https:\/\/ostrowskatv.pl\/wp-content\/uploads\/2026\/04\/1000141860-300x169.jpg 300w, https:\/\/ostrowskatv.pl\/wp-content\/uploads\/2026\/04\/1000141860-1333x750.jpg 1333w\" sizes=\"auto, (max-width: 1366px) 100vw, 1366px\" \/><\/a><\/p>\n<p><a href=\"https:\/\/ostrowskatv.pl\/?attachment_id=37509\" rel=\"attachment wp-att-37509\"><img loading=\"lazy\" decoding=\"async\" src=\"https:\/\/ostrowskatv.pl\/wp-content\/uploads\/2026\/04\/1000141864.jpg\" alt=\"\" width=\"1366\" height=\"790\" class=\"alignnone size-full wp-image-37509\" srcset=\"https:\/\/ostrowskatv.pl\/wp-content\/uploads\/2026\/04\/1000141864.jpg 1366w, https:\/\/ostrowskatv.pl\/wp-content\/uploads\/2026\/04\/1000141864-300x173.jpg 300w, https:\/\/ostrowskatv.pl\/wp-content\/uploads\/2026\/04\/1000141864-1333x771.jpg 1333w\" sizes=\"auto, (max-width: 1366px) 100vw, 1366px\" \/><\/a><\/p>\n<p><a href=\"https:\/\/ostrowskatv.pl\/?attachment_id=37510\" rel=\"attachment wp-att-37510\"><img loading=\"lazy\" decoding=\"async\" src=\"https:\/\/ostrowskatv.pl\/wp-content\/uploads\/2026\/04\/1000141863.jpg\" alt=\"\" width=\"1366\" height=\"769\" class=\"alignnone size-full wp-image-37510\" srcset=\"https:\/\/ostrowskatv.pl\/wp-content\/uploads\/2026\/04\/1000141863.jpg 1366w, https:\/\/ostrowskatv.pl\/wp-content\/uploads\/2026\/04\/1000141863-300x169.jpg 300w, https:\/\/ostrowskatv.pl\/wp-content\/uploads\/2026\/04\/1000141863-1333x750.jpg 1333w\" sizes=\"auto, (max-width: 1366px) 100vw, 1366px\" \/><\/a><\/p>\n<p><a href=\"https:\/\/ostrowskatv.pl\/?attachment_id=37511\" rel=\"attachment wp-att-37511\"><img loading=\"lazy\" decoding=\"async\" src=\"https:\/\/ostrowskatv.pl\/wp-content\/uploads\/2026\/04\/1000141858.jpg\" alt=\"\" width=\"1366\" height=\"769\" class=\"alignnone size-full wp-image-37511\" srcset=\"https:\/\/ostrowskatv.pl\/wp-content\/uploads\/2026\/04\/1000141858.jpg 1366w, https:\/\/ostrowskatv.pl\/wp-content\/uploads\/2026\/04\/1000141858-300x169.jpg 300w, https:\/\/ostrowskatv.pl\/wp-content\/uploads\/2026\/04\/1000141858-1333x750.jpg 1333w\" sizes=\"auto, (max-width: 1366px) 100vw, 1366px\" \/><\/a><\/p>\n<p><a href=\"https:\/\/ostrowskatv.pl\/?attachment_id=37512\" rel=\"attachment wp-att-37512\"><img loading=\"lazy\" decoding=\"async\" src=\"https:\/\/ostrowskatv.pl\/wp-content\/uploads\/2026\/04\/1000141857.jpg\" alt=\"\" width=\"1366\" height=\"769\" class=\"alignnone size-full wp-image-37512\" srcset=\"https:\/\/ostrowskatv.pl\/wp-content\/uploads\/2026\/04\/1000141857.jpg 1366w, https:\/\/ostrowskatv.pl\/wp-content\/uploads\/2026\/04\/1000141857-300x169.jpg 300w, https:\/\/ostrowskatv.pl\/wp-content\/uploads\/2026\/04\/1000141857-1333x750.jpg 1333w\" sizes=\"auto, (max-width: 1366px) 100vw, 1366px\" \/><\/a><\/p>\n","protected":false},"excerpt":{"rendered":"Powraca temat zagro\u017ce\u0144 wynikaj\u0105cych z elektromobilno\u015bci. Dzi\u015b chwil\u0119 po godzinie 11.00 w Ostrowie Wielkopolskim dosz\u0142o do niebezpiecznego zdarzenia zwi\u0105zanego z \u0142adowaniem pojazdu elektrycznego. \n<a class=\"moretag\" href=\"https:\/\/ostrowskatv.pl\/?p=37508\"> [...]<\/a>","protected":false},"author":1,"featured_media":37512,"comment_status":"open","ping_status":"closed","sticky":false,"template":"","format":"standard","meta":{"footnotes":""},"categories":[1],"tags":[],"class_list":["post-37508","post","type-post","status-publish","format-standard","has-post-thumbnail","hentry","category-news"],"_links":{"self":[{"href":"https:\/\/ostrowskatv.pl\/index.php?rest_route=\/wp\/v2\/posts\/37508","targetHints":{"allow":["GET"]}}],"collection":[{"href":"https:\/\/ostrowskatv.pl\/index.php?rest_route=\/wp\/v2\/posts"}],"about":[{"href":"https:\/\/ostrowskatv.pl\/index.php?rest_route=\/wp\/v2\/types\/post"}],"author":[{"embeddable":true,"href":"https:\/\/ostrowskatv.pl\/index.php?rest_route=\/wp\/v2\/users\/1"}],"replies":[{"embeddable":true,"href":"https:\/\/ostrowskatv.pl\/index.php?rest_route=%2Fwp%2Fv2%2Fcomments&post=37508"}],"version-history":[{"count":3,"href":"https:\/\/ostrowskatv.pl\/index.php?rest_route=\/wp\/v2\/posts\/37508\/revisions"}],"predecessor-version":[{"id":37516,"href":"https:\/\/ostrowskatv.pl\/index.php?rest_route=\/wp\/v2\/posts\/37508\/revisions\/37516"}],"wp:featuredmedia":[{"embeddable":true,"href":"https:\/\/ostrowskatv.pl\/index.php?rest_route=\/wp\/v2\/media\/37512"}],"wp:attachment":[{"href":"https:\/\/ostrowskatv.pl\/index.php?rest_route=%2Fwp%2Fv2%2Fmedia&parent=37508"}],"wp:term":[{"taxonomy":"category","embeddable":true,"href":"https:\/\/ostrowskatv.pl\/index.php?rest_route=%2Fwp%2Fv2%2Fcategories&post=37508"},{"taxonomy":"post_tag","embeddable":true,"href":"https:\/\/ostrowskatv.pl\/index.php?rest_route=%2Fwp%2Fv2%2Ftags&post=37508"}],"curies":[{"name":"wp","href":"https:\/\/api.w.org\/{rel}","templated":true}]}}