{"id":374,"date":"2016-02-18T10:03:00","date_gmt":"2016-02-18T09:03:00","guid":{"rendered":"http:\/\/ostrowska.tv\/?p=374"},"modified":"2016-02-18T10:07:42","modified_gmt":"2016-02-18T09:07:42","slug":"mglisty-czwartek-kilkanascie-rozbitych-aut","status":"publish","type":"post","link":"https:\/\/ostrowskatv.pl\/?p=374","title":{"rendered":"Mglisty czwartek. Kilkana\u015bcie rozbitych aut"},"content":{"rendered":"<p><strong>W czwartek od samego rana region powiatu ostrowskiego spowi\u0142y mg\u0142y, miejscami do\u015b\u0107 g\u0119ste. Widoczno\u015b\u0107 spada\u0142a do oko\u0142o 10 metr\u00f3w. Wielu kierowc\u00f3w zdawa\u0142o si\u0119 nie zauwa\u017ca\u0107 czyhaj\u0105cego zagro\u017cenia. Nie dostosowywali pr\u0119dko\u015bci do widocznych go\u0142ym okiem warunk\u00f3w. Ko\u0144czy\u0142o si\u0119 to seri\u0105 zderze\u0144.<\/strong><\/p>\n<p>W Topoli Ma\u0142ej dosz\u0142o do trzech serii zderze\u0144. Najpierw zderzy\u0142y si\u0119 dwie osob\u00f3wki. Gdy z dw\u00f3ch stron zatrzymywa\u0142y si\u0119 auta, pojawili si\u0119 nierozwa\u017cni kierowcy, kt\u00f3rzy spowodowali efekt domina. Z jednej strony bia\u0142a osob\u00f3wka wjecha\u0142a w trzy inne auta, a sama wyl\u0105dowa\u0142a w ogrodzeniu pobliskiej posesji. Z drugiej strony samoch\u00f3d ci\u0119\u017carowy skasowa\u0142 ty\u0142 z\u0142otego Fiata Seicento. Na miejsce wezwano pogotowie oraz stra\u017c po\u017carn\u0105 do usuni\u0119cia wyciek\u00f3w. Jeden z kierowc\u00f3w nie dostrzeg\u0142 w por\u0119 tr\u00f3jk\u0105ta ostrzegawczego i roztrzaska\u0142 go w drobne kawa\u0142ki. Solarka drog\u0105 wojew\u00f3dzka na Odolan\u00f3w przejecha\u0142a dopiero kilkadziesi\u0105t minut po zderzeniach.<\/p>\n<div id='gallery-1' class='gallery galleryid-374 gallery-columns-3 gallery-size-thumbnail'><figure class='gallery-item'>\n\t\t\t<div class='gallery-icon landscape'>\n\t\t\t\t<a href='https:\/\/ostrowskatv.pl\/?attachment_id=377'><img loading=\"lazy\" decoding=\"async\" width=\"150\" height=\"150\" src=\"https:\/\/ostrowskatv.pl\/wp-content\/uploads\/2016\/02\/IMG_20160218_082237-150x150.jpg\" class=\"attachment-thumbnail size-thumbnail\" alt=\"\" \/><\/a>\n\t\t\t<\/div><\/figure><figure class='gallery-item'>\n\t\t\t<div class='gallery-icon landscape'>\n\t\t\t\t<a href='https:\/\/ostrowskatv.pl\/?attachment_id=378'><img loading=\"lazy\" decoding=\"async\" width=\"150\" height=\"150\" src=\"https:\/\/ostrowskatv.pl\/wp-content\/uploads\/2016\/02\/IMG_20160218_082329-150x150.jpg\" class=\"attachment-thumbnail size-thumbnail\" alt=\"\" \/><\/a>\n\t\t\t<\/div><\/figure><figure class='gallery-item'>\n\t\t\t<div class='gallery-icon landscape'>\n\t\t\t\t<a href='https:\/\/ostrowskatv.pl\/?attachment_id=379'><img loading=\"lazy\" decoding=\"async\" width=\"150\" height=\"150\" src=\"https:\/\/ostrowskatv.pl\/wp-content\/uploads\/2016\/02\/IMG_20160218_082437-150x150.jpg\" class=\"attachment-thumbnail size-thumbnail\" alt=\"\" \/><\/a>\n\t\t\t<\/div><\/figure><figure class='gallery-item'>\n\t\t\t<div class='gallery-icon landscape'>\n\t\t\t\t<a href='https:\/\/ostrowskatv.pl\/?attachment_id=380'><img loading=\"lazy\" decoding=\"async\" width=\"150\" height=\"150\" src=\"https:\/\/ostrowskatv.pl\/wp-content\/uploads\/2016\/02\/IMG_20160218_082452-150x150.jpg\" class=\"attachment-thumbnail size-thumbnail\" alt=\"\" \/><\/a>\n\t\t\t<\/div><\/figure><figure class='gallery-item'>\n\t\t\t<div class='gallery-icon landscape'>\n\t\t\t\t<a href='https:\/\/ostrowskatv.pl\/?attachment_id=381'><img loading=\"lazy\" decoding=\"async\" width=\"150\" height=\"150\" src=\"https:\/\/ostrowskatv.pl\/wp-content\/uploads\/2016\/02\/IMG_20160218_082610-150x150.jpg\" class=\"attachment-thumbnail size-thumbnail\" alt=\"\" \/><\/a>\n\t\t\t<\/div><\/figure><figure class='gallery-item'>\n\t\t\t<div class='gallery-icon landscape'>\n\t\t\t\t<a href='https:\/\/ostrowskatv.pl\/?attachment_id=382'><img loading=\"lazy\" decoding=\"async\" width=\"150\" height=\"150\" src=\"https:\/\/ostrowskatv.pl\/wp-content\/uploads\/2016\/02\/IMG_20160218_082703-150x150.jpg\" class=\"attachment-thumbnail size-thumbnail\" alt=\"\" \/><\/a>\n\t\t\t<\/div><\/figure><figure class='gallery-item'>\n\t\t\t<div class='gallery-icon landscape'>\n\t\t\t\t<a href='https:\/\/ostrowskatv.pl\/?attachment_id=383'><img loading=\"lazy\" decoding=\"async\" width=\"150\" height=\"150\" src=\"https:\/\/ostrowskatv.pl\/wp-content\/uploads\/2016\/02\/IMG_20160218_082711-150x150.jpg\" class=\"attachment-thumbnail size-thumbnail\" alt=\"\" \/><\/a>\n\t\t\t<\/div><\/figure><figure class='gallery-item'>\n\t\t\t<div class='gallery-icon landscape'>\n\t\t\t\t<a href='https:\/\/ostrowskatv.pl\/?attachment_id=384'><img loading=\"lazy\" decoding=\"async\" width=\"150\" height=\"150\" src=\"https:\/\/ostrowskatv.pl\/wp-content\/uploads\/2016\/02\/IMG_20160218_083015-150x150.jpg\" class=\"attachment-thumbnail size-thumbnail\" alt=\"\" \/><\/a>\n\t\t\t<\/div><\/figure><figure class='gallery-item'>\n\t\t\t<div class='gallery-icon landscape'>\n\t\t\t\t<a href='https:\/\/ostrowskatv.pl\/?attachment_id=385'><img loading=\"lazy\" decoding=\"async\" width=\"150\" height=\"150\" src=\"https:\/\/ostrowskatv.pl\/wp-content\/uploads\/2016\/02\/IMG_20160218_083019-150x150.jpg\" class=\"attachment-thumbnail size-thumbnail\" alt=\"\" \/><\/a>\n\t\t\t<\/div><\/figure><figure class='gallery-item'>\n\t\t\t<div class='gallery-icon landscape'>\n\t\t\t\t<a href='https:\/\/ostrowskatv.pl\/?attachment_id=386'><img loading=\"lazy\" decoding=\"async\" width=\"150\" height=\"150\" src=\"https:\/\/ostrowskatv.pl\/wp-content\/uploads\/2016\/02\/IMG_20160218_084913-150x150.jpg\" class=\"attachment-thumbnail size-thumbnail\" alt=\"\" \/><\/a>\n\t\t\t<\/div><\/figure>\n\t\t<\/div>\n\n<p>Na drodze \u0142\u0105cz\u0105cej Wysocko z Przygodzicami, tam gdzie zgin\u0105\u0142 latem motocyklista zderzy\u0142y si\u0119 Peugeot Partner i Fiat Seicento z butl\u0105 gazow\u0105.<\/p>\n<div id='gallery-2' class='gallery galleryid-374 gallery-columns-3 gallery-size-thumbnail'><figure class='gallery-item'>\n\t\t\t<div class='gallery-icon landscape'>\n\t\t\t\t<a href='https:\/\/ostrowskatv.pl\/?attachment_id=388'><img loading=\"lazy\" decoding=\"async\" width=\"150\" height=\"150\" src=\"https:\/\/ostrowskatv.pl\/wp-content\/uploads\/2016\/02\/IMG_20160218_091308-150x150.jpg\" class=\"attachment-thumbnail size-thumbnail\" alt=\"\" \/><\/a>\n\t\t\t<\/div><\/figure><figure class='gallery-item'>\n\t\t\t<div class='gallery-icon landscape'>\n\t\t\t\t<a href='https:\/\/ostrowskatv.pl\/?attachment_id=387'><img loading=\"lazy\" decoding=\"async\" width=\"150\" height=\"150\" src=\"https:\/\/ostrowskatv.pl\/wp-content\/uploads\/2016\/02\/IMG_20160218_091301-150x150.jpg\" class=\"attachment-thumbnail size-thumbnail\" alt=\"\" \/><\/a>\n\t\t\t<\/div><\/figure>\n\t\t<\/div>\n\n<p>Do\u015b\u0107 powa\u017cnie wygl\u0105da\u0142 wypadek na ul. Staroprzygodzkiej w Ostrowie Wlkp. Czo\u0142owo zderzy\u0142y si\u0119 Peugeot i Fiat. Jedna z os\u00f3b poszkodowanych dozna\u0142a z\u0142amania ko\u015bci na wysoko\u015bci klatki piersiowej.<\/p>\n<div id='gallery-3' class='gallery galleryid-374 gallery-columns-3 gallery-size-thumbnail'><figure class='gallery-item'>\n\t\t\t<div class='gallery-icon landscape'>\n\t\t\t\t<a href='https:\/\/ostrowskatv.pl\/?attachment_id=389'><img loading=\"lazy\" decoding=\"async\" width=\"150\" height=\"150\" src=\"https:\/\/ostrowskatv.pl\/wp-content\/uploads\/2016\/02\/145-150x150.jpg\" class=\"attachment-thumbnail size-thumbnail\" alt=\"\" \/><\/a>\n\t\t\t<\/div><\/figure><figure class='gallery-item'>\n\t\t\t<div class='gallery-icon landscape'>\n\t\t\t\t<a href='https:\/\/ostrowskatv.pl\/?attachment_id=390'><img loading=\"lazy\" decoding=\"async\" width=\"150\" height=\"150\" src=\"https:\/\/ostrowskatv.pl\/wp-content\/uploads\/2016\/02\/146-150x150.jpg\" class=\"attachment-thumbnail size-thumbnail\" alt=\"\" \/><\/a>\n\t\t\t<\/div><\/figure><figure class='gallery-item'>\n\t\t\t<div class='gallery-icon landscape'>\n\t\t\t\t<a href='https:\/\/ostrowskatv.pl\/?attachment_id=391'><img loading=\"lazy\" decoding=\"async\" width=\"150\" height=\"150\" src=\"https:\/\/ostrowskatv.pl\/wp-content\/uploads\/2016\/02\/147-150x150.jpg\" class=\"attachment-thumbnail size-thumbnail\" alt=\"\" \/><\/a>\n\t\t\t<\/div><\/figure>\n\t\t<\/div>\n\n<p>W \u015brod\u0119 wieczorem nastoletnia dziewczyna wysiad\u0142a z autobusu na ul. Reymonta. W nieo\u015bwietlonym miejscu postanowi\u0142a przej\u015b\u0107 na drug\u0105 stron\u0119 jezdni. Z przeciwnej strony ni\u017c odjecha\u0142 autobus nadje\u017cd\u017ca\u0142 Ford Mondeo. Kierowca nie by\u0142 w stanie zauwa\u017cy\u0107 dziewczyny. Potr\u0105ci\u0142 j\u0105 naro\u017cnikiem. Piesza rozbi\u0142a g\u0142ow\u0105 szyb\u0119 w osob\u00f3wce. Po potr\u0105ceniu by\u0142a przytomna, uskar\u017ca\u0142a si\u0119 na b\u00f3l w brzuchu, jednak badania medyczne nie potwierdzi\u0142y \u017cadnych powa\u017cnych obra\u017ce\u0144. Nastolatk\u0119 ukarano mandatem karnym. Czeka j\u0105 jeszcze naprawa rozbitej osob\u00f3wki z w\u0142asnej kieszeni.<\/p>\n<div id='gallery-4' class='gallery galleryid-374 gallery-columns-3 gallery-size-thumbnail'><figure class='gallery-item'>\n\t\t\t<div class='gallery-icon portrait'>\n\t\t\t\t<a href='https:\/\/ostrowskatv.pl\/?attachment_id=394'><img loading=\"lazy\" decoding=\"async\" width=\"150\" height=\"150\" src=\"https:\/\/ostrowskatv.pl\/wp-content\/uploads\/2016\/02\/IMG_20160217_192741-1-150x150.jpg\" class=\"attachment-thumbnail size-thumbnail\" alt=\"\" \/><\/a>\n\t\t\t<\/div><\/figure><figure class='gallery-item'>\n\t\t\t<div class='gallery-icon portrait'>\n\t\t\t\t<a href='https:\/\/ostrowskatv.pl\/?attachment_id=395'><img loading=\"lazy\" decoding=\"async\" width=\"150\" height=\"150\" src=\"https:\/\/ostrowskatv.pl\/wp-content\/uploads\/2016\/02\/IMG_20160217_195243-1-150x150.jpg\" class=\"attachment-thumbnail size-thumbnail\" alt=\"\" \/><\/a>\n\t\t\t<\/div><\/figure>\n\t\t<\/div>\n\n<p>&nbsp;<\/p>\n","protected":false},"excerpt":{"rendered":"W czwartek od samego rana region powiatu ostrowskiego spowi\u0142y mg\u0142y, miejscami do\u015b\u0107 g\u0119ste. Widoczno\u015b\u0107 spada\u0142a do oko\u0142o 10 metr\u00f3w. Wielu kierowc\u00f3w zdawa\u0142o si\u0119 \n<a class=\"moretag\" href=\"https:\/\/ostrowskatv.pl\/?p=374\"> [...]<\/a>","protected":false},"author":1,"featured_media":378,"comment_status":"open","ping_status":"open","sticky":false,"template":"","format":"standard","meta":{"footnotes":""},"categories":[1],"tags":[48,47],"class_list":["post-374","post","type-post","status-publish","format-standard","has-post-thumbnail","hentry","category-news","tag-kolizja","tag-topola"],"_links":{"self":[{"href":"https:\/\/ostrowskatv.pl\/index.php?rest_route=\/wp\/v2\/posts\/374","targetHints":{"allow":["GET"]}}],"collection":[{"href":"https:\/\/ostrowskatv.pl\/index.php?rest_route=\/wp\/v2\/posts"}],"about":[{"href":"https:\/\/ostrowskatv.pl\/index.php?rest_route=\/wp\/v2\/types\/post"}],"author":[{"embeddable":true,"href":"https:\/\/ostrowskatv.pl\/index.php?rest_route=\/wp\/v2\/users\/1"}],"replies":[{"embeddable":true,"href":"https:\/\/ostrowskatv.pl\/index.php?rest_route=%2Fwp%2Fv2%2Fcomments&post=374"}],"version-history":[{"count":0,"href":"https:\/\/ostrowskatv.pl\/index.php?rest_route=\/wp\/v2\/posts\/374\/revisions"}],"wp:featuredmedia":[{"embeddable":true,"href":"https:\/\/ostrowskatv.pl\/index.php?rest_route=\/wp\/v2\/media\/378"}],"wp:attachment":[{"href":"https:\/\/ostrowskatv.pl\/index.php?rest_route=%2Fwp%2Fv2%2Fmedia&parent=374"}],"wp:term":[{"taxonomy":"category","embeddable":true,"href":"https:\/\/ostrowskatv.pl\/index.php?rest_route=%2Fwp%2Fv2%2Fcategories&post=374"},{"taxonomy":"post_tag","embeddable":true,"href":"https:\/\/ostrowskatv.pl\/index.php?rest_route=%2Fwp%2Fv2%2Ftags&post=374"}],"curies":[{"name":"wp","href":"https:\/\/api.w.org\/{rel}","templated":true}]}}